{"id":2426,"date":"2019-03-20T14:35:21","date_gmt":"2019-03-20T14:35:21","guid":{"rendered":"http:\/\/www.radiopresidenteibanez.cl\/web\/?p=2426"},"modified":"2019-03-20T14:35:31","modified_gmt":"2019-03-20T14:35:31","slug":"el-dia-del-trabajador-de-la-construccion-se-celebro-por-primera-vez-en-puerto-williams","status":"publish","type":"post","link":"https:\/\/www.radiopresidenteibanez.cl\/web\/el-dia-del-trabajador-de-la-construccion-se-celebro-por-primera-vez-en-puerto-williams\/","title":{"rendered":"EL D\u00cdA DEL TRABAJADOR DE LA CONSTRUCCI\u00d3N SE CELEBR\u00d3 POR PRIMERA VEZ EN PUERTO WILLIAMS"},"content":{"rendered":"\n<p>La C\u00e1mara Chilena de la Construcci\u00f3n (CChC) de Punta\nArenas decidi\u00f3 celebrar el D\u00eda del Trabajador de la Construcci\u00f3n en Puerto Williams-\nque acaba de ser declarada como la ciudad m\u00e1s austral del mundo- para festejar\na los m\u00e1s de doscientos maestros del sector que actualmente ejercen en la\napartada localidad de la regi\u00f3n de Magallanes. <\/p>\n\n\n\n<p>Esta celebraci\u00f3n, producida por la Corporaci\u00f3n\nCultural CChC, tiene por objetivo reconocer la labor de los trabajadores de la\nconstrucci\u00f3n, pilar fundamental para el desarrollo del pa\u00eds.<\/p>\n\n\n\n<p>\u201cEs un motivo de orgullo festejar\nel D\u00eda del Trabajador de la Construcci\u00f3n, en Puerto Williams, en la ciudad m\u00e1s\naustral del mundo. Por a\u00f1os, hemos celebrado este D\u00eda en distintas obras de\nPunta Arenas, pero ahora hemos decidido dar una fuerte se\u00f1al de apoyo al\ndesarrollo de la regi\u00f3n de Magallanes en su conjunto, con todas sus comunas y\nlocalidades. Nos trasladamos hasta Puerto Williams tambi\u00e9n porque queremos\ndemostrar el valor de los trabajadores que llegan a lugares aislados, muchas\nveces inh\u00f3spitos, para cumplir con su misi\u00f3n de construir infraestructura que,\nal entrar en funcionamiento, mejoran la calidad de vida de sus habitantes\u201d,\ndestac\u00f3 durante la ceremonia Jos\u00e9 Alvarado, presidente de la C\u00e1mara Chilena de\nla Construcci\u00f3n en Punta Arenas.<\/p>\n\n\n\n<p>En Puerto Williams, la actividad se desarroll\u00f3 en la\nSala de Uso M\u00faltiple, espacio cercano a las obras de construcci\u00f3n que se\nrealizan actualmente en la ciudad, y cont\u00f3 con la presencia del Intendente Jos\u00e9\nFern\u00e1ndez y tres seremis (Gobierno, Trabajo y Previsi\u00f3n Social, Econom\u00eda y\nBienes Nacionales), adem\u00e1s del Gobernador de la provincia Ant\u00e1rtica, Nelson\nC\u00e1rcamo, y el Alcalde de Cabo de Hornos, Patricio Fern\u00e1ndez. <\/p>\n\n\n\n<p>\u201cCuando se construye no solo se logra un bien\nmaterial y se consiguen cumplir sue\u00f1os, expectativas y a\u00f1oranzas de miles de\ncompatriotas, que desean por ejemplo su casa propia, la urbanizaci\u00f3n, una plaza\nu otra obra de infraestructura que cambian su entorno, pues ustedes son\nconstructores de sue\u00f1os\u201d, dijo el Intendente Jos\u00e9 Fern\u00e1ndez al saludar a los\nm\u00e1s de doscientos trabajadores de la construcci\u00f3n de las empresas socias Salfa\ny Vilicic.<\/p>\n\n\n\n<p>Por su parte, el Alcalde de Cabo de Hornos Patricio\nFern\u00e1ndez, destac\u00f3 la importancia de que este tipo de actividades se realicen\nen la ciudad m\u00e1s austral del mundo.<\/p>\n\n\n\n<p>\u201cEsta ciudad ha tenido un auge, un empuje, en lo que\nes la modernizaci\u00f3n y la mirada de la inversi\u00f3n p\u00fablica hace bastantes a\u00f1os.\nNosotros estamos felices de acogerlos; los trabajadores hoy en d\u00eda son parte de\nla comuna, son nuestros vecinos, uno m\u00e1s, por lo que celebrarlos junto a ellos\nle da otro realce al D\u00eda del Trabajador de la Construcci\u00f3n en la ciudad m\u00e1s\naustral\u201d, indic\u00f3 Fern\u00e1ndez. <\/p>\n\n\n\n<p>En la ceremonia, el\npresidente de la CChC Punta Arenas, Jos\u00e9 Alvarado, entreg\u00f3 reconocimientos al\nMejor Trabajador de cada gran obra que se realiza actualmente en Puerto\nWilliams. Los maestros destacados fueron: Juan Mu\u00f1oz Mansilla (Obra Costanera);\nJos\u00e9 Aliaga C\u00e1ceres (Obra Centro Subant\u00e1rtico); H\u00e9ctor D\u00edaz Chac\u00f3n (Obra Jard\u00edn\ny Sala Cuna); H\u00e9ctor P\u00e9rez P\u00e9rez (Obra Tribunal Mixto); Juan Oyarzo Andrade\n(Obra Mejoramiento de Diversas Calles); y Jorge Manquemilla Delgado (diferentes\nobras de la constructora Vilicic).<\/p>\n\n\n\n<p>\u201cNosotros nos\nmerecemos esta ceremonia, as\u00ed que estamos muy contentos. Me parece muy buena la\niniciativa de venir hasta ac\u00e1 a celebrar este D\u00eda, porque los trabajadores\nsomos la locomotora que activa el crecimiento en todo el mundo\u201d, indic\u00f3 Carlos\nVenegas, trabajador de la construcci\u00f3n de la obra Tribunal Mixto de Puerto\nWilliams.<\/p>\n\n\n\n<p>Los trabajadores se deleitaron con la actuaci\u00f3n del dueto musical de los artistas locales Arm\u00edn Navarro y Mario Gallardo, y luego adem\u00e1s festejaron junto a sus compa\u00f1eros con un especial c\u00f3ctel.<\/p>\n\n\n\n<ul class=\"wp-block-gallery columns-2 is-cropped wp-block-gallery-1 is-layout-flex wp-block-gallery-is-layout-flex\"><li class=\"blocks-gallery-item\"><figure><img loading=\"lazy\" decoding=\"async\" width=\"1024\" height=\"682\" src=\"https:\/\/www.radiopresidenteibanez.cl\/web\/wp-content\/uploads\/2019\/03\/D\u00eda-del-Trabajador-de-la-Construcci\u00f3n-2019-en-PW-2-1024x682.jpeg\" alt=\"\" data-id=\"2427\" data-link=\"https:\/\/www.radiopresidenteibanez.cl\/web\/?attachment_id=2427\" class=\"wp-image-2427\" srcset=\"https:\/\/www.radiopresidenteibanez.cl\/web\/wp-content\/uploads\/2019\/03\/D\u00eda-del-Trabajador-de-la-Construcci\u00f3n-2019-en-PW-2-1024x682.jpeg 1024w, https:\/\/www.radiopresidenteibanez.cl\/web\/wp-content\/uploads\/2019\/03\/D\u00eda-del-Trabajador-de-la-Construcci\u00f3n-2019-en-PW-2-300x200.jpeg 300w, https:\/\/www.radiopresidenteibanez.cl\/web\/wp-content\/uploads\/2019\/03\/D\u00eda-del-Trabajador-de-la-Construcci\u00f3n-2019-en-PW-2-768x512.jpeg 768w, https:\/\/www.radiopresidenteibanez.cl\/web\/wp-content\/uploads\/2019\/03\/D\u00eda-del-Trabajador-de-la-Construcci\u00f3n-2019-en-PW-2.jpeg 1280w\" sizes=\"auto, (max-width: 1024px) 100vw, 1024px\" \/><\/figure><\/li><li class=\"blocks-gallery-item\"><figure><img loading=\"lazy\" decoding=\"async\" width=\"1024\" height=\"682\" src=\"https:\/\/www.radiopresidenteibanez.cl\/web\/wp-content\/uploads\/2019\/03\/D\u00eda-del-Trabajador-de-la-Construcci\u00f3n-2019-en-PW-5-1024x682.jpeg\" alt=\"\" data-id=\"2428\" data-link=\"https:\/\/www.radiopresidenteibanez.cl\/web\/?attachment_id=2428\" class=\"wp-image-2428\" srcset=\"https:\/\/www.radiopresidenteibanez.cl\/web\/wp-content\/uploads\/2019\/03\/D\u00eda-del-Trabajador-de-la-Construcci\u00f3n-2019-en-PW-5-1024x682.jpeg 1024w, https:\/\/www.radiopresidenteibanez.cl\/web\/wp-content\/uploads\/2019\/03\/D\u00eda-del-Trabajador-de-la-Construcci\u00f3n-2019-en-PW-5-300x200.jpeg 300w, https:\/\/www.radiopresidenteibanez.cl\/web\/wp-content\/uploads\/2019\/03\/D\u00eda-del-Trabajador-de-la-Construcci\u00f3n-2019-en-PW-5-768x512.jpeg 768w, https:\/\/www.radiopresidenteibanez.cl\/web\/wp-content\/uploads\/2019\/03\/D\u00eda-del-Trabajador-de-la-Construcci\u00f3n-2019-en-PW-5.jpeg 1280w\" sizes=\"auto, (max-width: 1024px) 100vw, 1024px\" \/><\/figure><\/li><li class=\"blocks-gallery-item\"><figure><img loading=\"lazy\" decoding=\"async\" width=\"1024\" height=\"682\" src=\"https:\/\/www.radiopresidenteibanez.cl\/web\/wp-content\/uploads\/2019\/03\/D\u00eda-del-Trabajador-de-la-Construcci\u00f3n-2019-en-PW-20-1024x682.jpeg\" alt=\"\" data-id=\"2429\" data-link=\"https:\/\/www.radiopresidenteibanez.cl\/web\/?attachment_id=2429\" class=\"wp-image-2429\" srcset=\"https:\/\/www.radiopresidenteibanez.cl\/web\/wp-content\/uploads\/2019\/03\/D\u00eda-del-Trabajador-de-la-Construcci\u00f3n-2019-en-PW-20-1024x682.jpeg 1024w, https:\/\/www.radiopresidenteibanez.cl\/web\/wp-content\/uploads\/2019\/03\/D\u00eda-del-Trabajador-de-la-Construcci\u00f3n-2019-en-PW-20-300x200.jpeg 300w, https:\/\/www.radiopresidenteibanez.cl\/web\/wp-content\/uploads\/2019\/03\/D\u00eda-del-Trabajador-de-la-Construcci\u00f3n-2019-en-PW-20-768x512.jpeg 768w, https:\/\/www.radiopresidenteibanez.cl\/web\/wp-content\/uploads\/2019\/03\/D\u00eda-del-Trabajador-de-la-Construcci\u00f3n-2019-en-PW-20.jpeg 1280w\" sizes=\"auto, (max-width: 1024px) 100vw, 1024px\" \/><\/figure><\/li><li class=\"blocks-gallery-item\"><figure><img loading=\"lazy\" decoding=\"async\" width=\"1024\" height=\"682\" src=\"https:\/\/www.radiopresidenteibanez.cl\/web\/wp-content\/uploads\/2019\/03\/D\u00eda-del-Trabajador-de-la-Construcci\u00f3n-2019-en-PW-27-1024x682.jpeg\" alt=\"\" data-id=\"2430\" data-link=\"https:\/\/www.radiopresidenteibanez.cl\/web\/?attachment_id=2430\" class=\"wp-image-2430\" srcset=\"https:\/\/www.radiopresidenteibanez.cl\/web\/wp-content\/uploads\/2019\/03\/D\u00eda-del-Trabajador-de-la-Construcci\u00f3n-2019-en-PW-27-1024x682.jpeg 1024w, https:\/\/www.radiopresidenteibanez.cl\/web\/wp-content\/uploads\/2019\/03\/D\u00eda-del-Trabajador-de-la-Construcci\u00f3n-2019-en-PW-27-300x200.jpeg 300w, https:\/\/www.radiopresidenteibanez.cl\/web\/wp-content\/uploads\/2019\/03\/D\u00eda-del-Trabajador-de-la-Construcci\u00f3n-2019-en-PW-27-768x512.jpeg 768w, https:\/\/www.radiopresidenteibanez.cl\/web\/wp-content\/uploads\/2019\/03\/D\u00eda-del-Trabajador-de-la-Construcci\u00f3n-2019-en-PW-27.jpeg 1280w\" sizes=\"auto, (max-width: 1024px) 100vw, 1024px\" \/><\/figure><\/li><li class=\"blocks-gallery-item\"><figure><img loading=\"lazy\" decoding=\"async\" width=\"1024\" height=\"682\" src=\"https:\/\/www.radiopresidenteibanez.cl\/web\/wp-content\/uploads\/2019\/03\/D\u00eda-del-Trabajador-de-la-Construcci\u00f3n-2019-en-PW-37-1024x682.jpeg\" alt=\"\" data-id=\"2431\" data-link=\"https:\/\/www.radiopresidenteibanez.cl\/web\/?attachment_id=2431\" class=\"wp-image-2431\" srcset=\"https:\/\/www.radiopresidenteibanez.cl\/web\/wp-content\/uploads\/2019\/03\/D\u00eda-del-Trabajador-de-la-Construcci\u00f3n-2019-en-PW-37-1024x682.jpeg 1024w, https:\/\/www.radiopresidenteibanez.cl\/web\/wp-content\/uploads\/2019\/03\/D\u00eda-del-Trabajador-de-la-Construcci\u00f3n-2019-en-PW-37-300x200.jpeg 300w, https:\/\/www.radiopresidenteibanez.cl\/web\/wp-content\/uploads\/2019\/03\/D\u00eda-del-Trabajador-de-la-Construcci\u00f3n-2019-en-PW-37-768x512.jpeg 768w, https:\/\/www.radiopresidenteibanez.cl\/web\/wp-content\/uploads\/2019\/03\/D\u00eda-del-Trabajador-de-la-Construcci\u00f3n-2019-en-PW-37.jpeg 1280w\" sizes=\"auto, (max-width: 1024px) 100vw, 1024px\" \/><\/figure><\/li><\/ul>\n","protected":false},"excerpt":{"rendered":"<p>La C\u00e1mara Chilena de la Construcci\u00f3n (CChC) de Punta Arenas decidi\u00f3 celebrar el D\u00eda del Trabajador de la Construcci\u00f3n en Puerto Williams- que acaba de ser declarada como la ciudad&#8230; <a class=\"read-more\" href=\"https:\/\/www.radiopresidenteibanez.cl\/web\/el-dia-del-trabajador-de-la-construccion-se-celebro-por-primera-vez-en-puerto-williams\/\">Leer m\u00e1s<\/a><\/p>\n","protected":false},"author":2,"featured_media":2430,"comment_status":"closed","ping_status":"closed","sticky":false,"template":"","format":"standard","meta":{"footnotes":""},"categories":[1],"tags":[],"class_list":["post-2426","post","type-post","status-publish","format-standard","has-post-thumbnail","hentry","category-cronica"],"_links":{"self":[{"href":"https:\/\/www.radiopresidenteibanez.cl\/web\/wp-json\/wp\/v2\/posts\/2426","targetHints":{"allow":["GET"]}}],"collection":[{"href":"https:\/\/www.radiopresidenteibanez.cl\/web\/wp-json\/wp\/v2\/posts"}],"about":[{"href":"https:\/\/www.radiopresidenteibanez.cl\/web\/wp-json\/wp\/v2\/types\/post"}],"author":[{"embeddable":true,"href":"https:\/\/www.radiopresidenteibanez.cl\/web\/wp-json\/wp\/v2\/users\/2"}],"replies":[{"embeddable":true,"href":"https:\/\/www.radiopresidenteibanez.cl\/web\/wp-json\/wp\/v2\/comments?post=2426"}],"version-history":[{"count":0,"href":"https:\/\/www.radiopresidenteibanez.cl\/web\/wp-json\/wp\/v2\/posts\/2426\/revisions"}],"wp:featuredmedia":[{"embeddable":true,"href":"https:\/\/www.radiopresidenteibanez.cl\/web\/wp-json\/wp\/v2\/media\/2430"}],"wp:attachment":[{"href":"https:\/\/www.radiopresidenteibanez.cl\/web\/wp-json\/wp\/v2\/media?parent=2426"}],"wp:term":[{"taxonomy":"category","embeddable":true,"href":"https:\/\/www.radiopresidenteibanez.cl\/web\/wp-json\/wp\/v2\/categories?post=2426"},{"taxonomy":"post_tag","embeddable":true,"href":"https:\/\/www.radiopresidenteibanez.cl\/web\/wp-json\/wp\/v2\/tags?post=2426"}],"curies":[{"name":"wp","href":"https:\/\/api.w.org\/{rel}","templated":true}]}}