{"id":24239,"date":"2021-09-26T16:56:00","date_gmt":"2021-09-26T19:56:00","guid":{"rendered":"https:\/\/www.radiopresidenteibanez.cl\/web\/?p=24239"},"modified":"2021-09-26T13:48:30","modified_gmt":"2021-09-26T16:48:30","slug":"cecrea-y-banda-regional-desarrollaran-proyecto-de-videoclip","status":"publish","type":"post","link":"https:\/\/www.radiopresidenteibanez.cl\/web\/cecrea-y-banda-regional-desarrollaran-proyecto-de-videoclip\/","title":{"rendered":"CECREA Y BANDA REGIONAL DESARROLLARAN PROYECTO DE VIDEOCLIP"},"content":{"rendered":"\n<p>Ni\u00f1as, ni\u00f1os y j\u00f3venes (NNJ) vivir\u00e1n la experiencia de convertirse\nen realizadores audiovisuales y desarrollar un proyecto de videoclip junto a la\nbanda regional \u201cLos Klasky\u201d. Se trata del nuevo laboratorio impulsado por el\nprograma del Ministerio de las Culturas, las Artes y el Patrimonio, Cecrea\nPunta Arenas.<\/p>\n\n\n\n<p>Esta\npropuesta, denominada \u201cMicroviaje al videoclip feat Los Klasky\u201d, consiste en la\nentrega de recursos de aprendizaje, herramientas pr\u00e1cticas y te\u00f3ricas para la elaboraci\u00f3n\nde una pieza audiovisual de manera din\u00e1mica y colaborativa. Para cumplir con\neste prop\u00f3sito \u201cLos Klasky\u201d, ser\u00e1n los encargados de mediar esta actividad en\nconjunto con los y las facilitadoras del programa, la realizadora cinematogr\u00e1fica\ny gestora cultural, Paula Robinson; el m\u00fasico, Javier \u00c1lvarez, y la\nantrop\u00f3loga, Andrea Barr\u00eda.<\/p>\n\n\n\n<p>\u00abCreo&nbsp;que\nes muy importante generar estos espacios en el que los ni\u00f1os, ni\u00f1as y j\u00f3venes\npuedan apreciar las \u00e1reas de la m\u00fasica y el cine. El trabajo y la dedicaci\u00f3n\nque conlleva la creaci\u00f3n de una obra determinada, en este caso el videoclip,\nejecutando herramientas que los ayuden a comprender de mejor manera, el o los\ndiversos oficios que convergen para lograr un resultado construido a partir del\ntrabajo en equipo, en el que todos y todas somos parte importante para lograr\nun resultado. Como parte del sector cultural y art\u00edstico, debemos apoyar a los\ny las creadoras de nuestro territorio, a trav\u00e9s de la gesti\u00f3n y el desarrollo\nde este tipo de iniciativas\u00bb, explic\u00f3 Paula Robinson.<\/p>\n\n\n\n<p>El\nlaboratorio, un espacio abierto, acceso gratuito y cupos limitados, se dividir\u00e1\nen dos etapas: reflexiva e imaginativa, y otra pr\u00e1ctica de ejecuci\u00f3n, cada una\ncon una duraci\u00f3n de 3 sesiones. Se llevar\u00e1 a cabo todos los lunes, entre las\n17.30 y 19.00 horas, a partir del 27 de septiembre. Las restantes jornadas se\nefectuar\u00e1n el 4, 11, 18, 25 de octubre, para finalizar el lunes 1 de noviembre.\nQuienes deseen participar deben completar formulario de inscripci\u00f3n disponible\nen el siguiente link: <a href=\"https:\/\/docs.google.com\/forms\/d\/e\/1FAIpQLSdREbnGUc-T5uSx7nFbmBf1OyUxC8XpIoUg_lYyy4O2iD2D6Q\/viewform?usp=sf_link\" target=\"_blank\" rel=\"noreferrer noopener\">https:\/\/docs.google.com\/forms\/d\/e\/1FAIpQLSdREbnGUc-T5uSx7nFbmBf1OyUxC8XpIoUg_lYyy4O2iD2D6Q\/viewform?usp=sf_link<\/a><\/p>\n\n\n\n<p>Para resolver inquietudes sobre este laboratorio taller, escribir\nal correo electr\u00f3nico: <a href=\"mailto:cecrea.puq@gmail.com\" target=\"_blank\" rel=\"noreferrer noopener\">cecrea.puq@gmail.com<\/a> <\/p>\n\n\n\n<p>\u201cLos Klasky\u201d, agrupaci\u00f3n que se identifica con el dreampunk, est\u00e1\nconformada por Ivonne Maldonado (en bajo y voz), Juan Tapia (guitarra y voz),\nPeps Lepori (bater\u00eda y voz) y Rocco Villarroel (guitarra y voz).<\/p>\n\n\n\n<p>\u201cEsta nueva experiencia de Cecrea, que integra diferentes\ndisciplinas art\u00edsticas, tiene el valor de involucrar a ni\u00f1as, ni\u00f1os y j\u00f3venes\ncon actores de la escena musical local. Adem\u00e1s de la generaci\u00f3n de un espacio\ncreativo y de aprendizaje, est\u00e1 presente el factor de vinculaci\u00f3n con su\nentorno, artistas regionales y el territorio\u201d, resalt\u00f3 la Seremi de las\nCulturas, Katherine Ibacache.&nbsp;&nbsp;&nbsp; <\/p>\n","protected":false},"excerpt":{"rendered":"<p>Ni\u00f1as, ni\u00f1os y j\u00f3venes (NNJ) vivir\u00e1n la experiencia de convertirse en realizadores audiovisuales y desarrollar un proyecto de videoclip junto a la banda regional \u201cLos Klasky\u201d. Se trata del nuevo&#8230; <a class=\"read-more\" href=\"https:\/\/www.radiopresidenteibanez.cl\/web\/cecrea-y-banda-regional-desarrollaran-proyecto-de-videoclip\/\">Leer m\u00e1s<\/a><\/p>\n","protected":false},"author":2,"featured_media":24240,"comment_status":"closed","ping_status":"closed","sticky":false,"template":"","format":"standard","meta":{"footnotes":""},"categories":[1],"tags":[],"class_list":["post-24239","post","type-post","status-publish","format-standard","has-post-thumbnail","hentry","category-cronica"],"_links":{"self":[{"href":"https:\/\/www.radiopresidenteibanez.cl\/web\/wp-json\/wp\/v2\/posts\/24239","targetHints":{"allow":["GET"]}}],"collection":[{"href":"https:\/\/www.radiopresidenteibanez.cl\/web\/wp-json\/wp\/v2\/posts"}],"about":[{"href":"https:\/\/www.radiopresidenteibanez.cl\/web\/wp-json\/wp\/v2\/types\/post"}],"author":[{"embeddable":true,"href":"https:\/\/www.radiopresidenteibanez.cl\/web\/wp-json\/wp\/v2\/users\/2"}],"replies":[{"embeddable":true,"href":"https:\/\/www.radiopresidenteibanez.cl\/web\/wp-json\/wp\/v2\/comments?post=24239"}],"version-history":[{"count":0,"href":"https:\/\/www.radiopresidenteibanez.cl\/web\/wp-json\/wp\/v2\/posts\/24239\/revisions"}],"wp:featuredmedia":[{"embeddable":true,"href":"https:\/\/www.radiopresidenteibanez.cl\/web\/wp-json\/wp\/v2\/media\/24240"}],"wp:attachment":[{"href":"https:\/\/www.radiopresidenteibanez.cl\/web\/wp-json\/wp\/v2\/media?parent=24239"}],"wp:term":[{"taxonomy":"category","embeddable":true,"href":"https:\/\/www.radiopresidenteibanez.cl\/web\/wp-json\/wp\/v2\/categories?post=24239"},{"taxonomy":"post_tag","embeddable":true,"href":"https:\/\/www.radiopresidenteibanez.cl\/web\/wp-json\/wp\/v2\/tags?post=24239"}],"curies":[{"name":"wp","href":"https:\/\/api.w.org\/{rel}","templated":true}]}}