{"id":24230,"date":"2021-09-26T13:30:38","date_gmt":"2021-09-26T16:30:38","guid":{"rendered":"https:\/\/www.radiopresidenteibanez.cl\/web\/?p=24230"},"modified":"2021-09-26T13:30:44","modified_gmt":"2021-09-26T16:30:44","slug":"400-personas-participaron-de-operativo-municipal-punta-arenas-mas-cerca","status":"publish","type":"post","link":"https:\/\/www.radiopresidenteibanez.cl\/web\/400-personas-participaron-de-operativo-municipal-punta-arenas-mas-cerca\/","title":{"rendered":"400 PERSONAS PARTICIPARON DE OPERATIVO MUNICIPAL  \u201cPUNTA ARENAS MAS CERCA\u201d"},"content":{"rendered":"\n<p> Una gran cantidad de personas participaron en el operativo municipal \u201cPunta Arenas m\u00e1s cerca\u201d, realizado en la escuela Elba Ojeda de R\u00edo Seco este s\u00e1bado, entre las 15 y 17 horas.<br>Seg\u00fan indicaron desde la Direcci\u00f3n de Desarrollo Comunitario del Municipio, fueron 400 personas las que llegaron hasta el lugar para realizar distintos tr\u00e1mites, concentr\u00e1ndose en su mayor\u00eda, en lo relacionado con el Registro Social de Hogares, Registro Civil, Pase de Movilidad e inscripciones para los regalos de navidad.<br>\u201cHoy nos encontramos en la escuela de R\u00edo Seco en una actividad que hemos denominado Punta Arenas m\u00e1s cerca. La idea es traer los servicios municipales para atender a la comunidad. Pretendemos tener dos actividades m\u00e1s durante este a\u00f1o que vamos a hacer en terreno. El pr\u00f3ximo mes corresponder\u00eda la poblaci\u00f3n 18 de Septiembre y el siguiente mes, Archipi\u00e9lago de Chilo\u00e9\u201d, indic\u00f3 la directora (S) de Desarrollo Comunitario del Municipio de Punta Arenas, Jessica Castillo.<br>En la oportunidad, los vecinos tambi\u00e9n pudieron optar a operativos Yo Aperro, Podolog\u00eda (Santo Tom\u00e1s), Odontolog\u00eda (Cecosf Thomas Fenton), Vermicompostaje, Muestra de Talleres del Adulto Mayor, Microtalleres y Actividades Deportivas, Bus Ant\u00edgeno y otras.<br>\u201cMuy buena la actividad, sobre todo para las personas, el adulto mayor, para renovar su carnet, ya que a veces les cuesta ir hasta el centro, as\u00ed que muy buena iniciativa, ojal\u00e1 se siga haciendo siempre. Y para los ni\u00f1os igual, mi hijo est\u00e1 s\u00faper entretenido jugando y mi otra chiquitita anda en yoga. As\u00ed que s\u00faper bueno\u201d, indic\u00f3 Victoria Miranda.<br>Por su parte, Carolina Aqueveque, se\u00f1al\u00f3 que \u201cme parece excelente, porque ac\u00e1 hay mucho adulto mayor que no puede bajar al Registro Civil o a la Municipalidad. Y tambi\u00e9n no s\u00f3lo adulto mayor, sino que muchas personas tienen parcelas arriba y el horario de las micros no favorece mucho. Entonces para ellos y para todos es una gran oportunidad. As\u00ed que espectacular\u201d.<br>La actividad cont\u00f3 con la animaci\u00f3n de Rodrigo \u201cYoyo\u201d Henr\u00edquez y la cantante regional, Sandra Valderas, y se realizaron concursos y sorteos. <\/p>\n","protected":false},"excerpt":{"rendered":"<p>Una gran cantidad de personas participaron en el operativo municipal \u201cPunta Arenas m\u00e1s cerca\u201d, realizado en la escuela Elba Ojeda de R\u00edo Seco este s\u00e1bado, entre las 15 y 17&#8230; <a class=\"read-more\" href=\"https:\/\/www.radiopresidenteibanez.cl\/web\/400-personas-participaron-de-operativo-municipal-punta-arenas-mas-cerca\/\">Leer m\u00e1s<\/a><\/p>\n","protected":false},"author":2,"featured_media":24231,"comment_status":"closed","ping_status":"closed","sticky":false,"template":"","format":"standard","meta":{"footnotes":""},"categories":[1],"tags":[],"class_list":["post-24230","post","type-post","status-publish","format-standard","has-post-thumbnail","hentry","category-cronica"],"_links":{"self":[{"href":"https:\/\/www.radiopresidenteibanez.cl\/web\/wp-json\/wp\/v2\/posts\/24230","targetHints":{"allow":["GET"]}}],"collection":[{"href":"https:\/\/www.radiopresidenteibanez.cl\/web\/wp-json\/wp\/v2\/posts"}],"about":[{"href":"https:\/\/www.radiopresidenteibanez.cl\/web\/wp-json\/wp\/v2\/types\/post"}],"author":[{"embeddable":true,"href":"https:\/\/www.radiopresidenteibanez.cl\/web\/wp-json\/wp\/v2\/users\/2"}],"replies":[{"embeddable":true,"href":"https:\/\/www.radiopresidenteibanez.cl\/web\/wp-json\/wp\/v2\/comments?post=24230"}],"version-history":[{"count":0,"href":"https:\/\/www.radiopresidenteibanez.cl\/web\/wp-json\/wp\/v2\/posts\/24230\/revisions"}],"wp:featuredmedia":[{"embeddable":true,"href":"https:\/\/www.radiopresidenteibanez.cl\/web\/wp-json\/wp\/v2\/media\/24231"}],"wp:attachment":[{"href":"https:\/\/www.radiopresidenteibanez.cl\/web\/wp-json\/wp\/v2\/media?parent=24230"}],"wp:term":[{"taxonomy":"category","embeddable":true,"href":"https:\/\/www.radiopresidenteibanez.cl\/web\/wp-json\/wp\/v2\/categories?post=24230"},{"taxonomy":"post_tag","embeddable":true,"href":"https:\/\/www.radiopresidenteibanez.cl\/web\/wp-json\/wp\/v2\/tags?post=24230"}],"curies":[{"name":"wp","href":"https:\/\/api.w.org\/{rel}","templated":true}]}}