{"id":24227,"date":"2021-09-25T16:59:59","date_gmt":"2021-09-25T19:59:59","guid":{"rendered":"https:\/\/www.radiopresidenteibanez.cl\/web\/?p=24227"},"modified":"2021-09-25T17:00:08","modified_gmt":"2021-09-25T20:00:08","slug":"scd-lamenta-fallecimiento-de-unas-de-las-figuras-mas-relevantes-de-la-musica-chilena-patricio-manns","status":"publish","type":"post","link":"https:\/\/www.radiopresidenteibanez.cl\/web\/scd-lamenta-fallecimiento-de-unas-de-las-figuras-mas-relevantes-de-la-musica-chilena-patricio-manns\/","title":{"rendered":"SCD LAMENTA FALLECIMIENTO DE UNAS DE LAS FIGURAS MAS RELEVANTES DE LA MUSICA CHILENA PATRICIO MANNS"},"content":{"rendered":"\n<p>La m\u00fasica chilena hoy esta de luto se ha ido uno de los mas grandes m\u00fasicos chilenos el gran Patricio Manns<\/p>\n\n\n\n<p>A los 84 a\u00f1os se apago la voz de un inigualable Pato Manns, dejando un gran legado musical en muchos m\u00fasicos y m\u00fasicas de nuestro pa\u00eds, este 25 de Septiembre sera imposible olvidar la gran pena que ha dejado en Chile<\/p>\n","protected":false},"excerpt":{"rendered":"<p>La m\u00fasica chilena hoy esta de luto se ha ido uno de los mas grandes m\u00fasicos chilenos el gran Patricio Manns A los 84 a\u00f1os se apago la voz de&#8230; <a class=\"read-more\" href=\"https:\/\/www.radiopresidenteibanez.cl\/web\/scd-lamenta-fallecimiento-de-unas-de-las-figuras-mas-relevantes-de-la-musica-chilena-patricio-manns\/\">Leer m\u00e1s<\/a><\/p>\n","protected":false},"author":2,"featured_media":24228,"comment_status":"closed","ping_status":"closed","sticky":false,"template":"","format":"standard","meta":{"footnotes":""},"categories":[1],"tags":[],"class_list":["post-24227","post","type-post","status-publish","format-standard","has-post-thumbnail","hentry","category-cronica"],"_links":{"self":[{"href":"https:\/\/www.radiopresidenteibanez.cl\/web\/wp-json\/wp\/v2\/posts\/24227","targetHints":{"allow":["GET"]}}],"collection":[{"href":"https:\/\/www.radiopresidenteibanez.cl\/web\/wp-json\/wp\/v2\/posts"}],"about":[{"href":"https:\/\/www.radiopresidenteibanez.cl\/web\/wp-json\/wp\/v2\/types\/post"}],"author":[{"embeddable":true,"href":"https:\/\/www.radiopresidenteibanez.cl\/web\/wp-json\/wp\/v2\/users\/2"}],"replies":[{"embeddable":true,"href":"https:\/\/www.radiopresidenteibanez.cl\/web\/wp-json\/wp\/v2\/comments?post=24227"}],"version-history":[{"count":0,"href":"https:\/\/www.radiopresidenteibanez.cl\/web\/wp-json\/wp\/v2\/posts\/24227\/revisions"}],"wp:featuredmedia":[{"embeddable":true,"href":"https:\/\/www.radiopresidenteibanez.cl\/web\/wp-json\/wp\/v2\/media\/24228"}],"wp:attachment":[{"href":"https:\/\/www.radiopresidenteibanez.cl\/web\/wp-json\/wp\/v2\/media?parent=24227"}],"wp:term":[{"taxonomy":"category","embeddable":true,"href":"https:\/\/www.radiopresidenteibanez.cl\/web\/wp-json\/wp\/v2\/categories?post=24227"},{"taxonomy":"post_tag","embeddable":true,"href":"https:\/\/www.radiopresidenteibanez.cl\/web\/wp-json\/wp\/v2\/tags?post=24227"}],"curies":[{"name":"wp","href":"https:\/\/api.w.org\/{rel}","templated":true}]}}