{"id":2420,"date":"2019-03-20T14:24:27","date_gmt":"2019-03-20T14:24:27","guid":{"rendered":"http:\/\/www.radiopresidenteibanez.cl\/web\/?p=2420"},"modified":"2019-03-20T14:25:01","modified_gmt":"2019-03-20T14:25:01","slug":"seremi-de-gobierno-invito-a-organizaciones-sociales-de-la-provincia-de-ultima-esperanza-a-postular-sus-proyectos","status":"publish","type":"post","link":"https:\/\/www.radiopresidenteibanez.cl\/web\/seremi-de-gobierno-invito-a-organizaciones-sociales-de-la-provincia-de-ultima-esperanza-a-postular-sus-proyectos\/","title":{"rendered":"SEREMI DE GOBIERNO INVIT\u00d3 A ORGANIZACIONES SOCIALES DE LA PROVINCIA DE \u00daLTIMA ESPERANZA A POSTULAR SUS PROYECTOS"},"content":{"rendered":"\n<p>A Puerto Natales se traslad\u00f3 la seremi de Gobierno,\nAlejandra Mu\u00f1oz, para invitar a las organizaciones sociales de esa comuna a\npostular al Fondo de Fortalecimiento de Organizaciones de Inter\u00e9s P\u00fablico 2019\n(FFOIP).<\/p>\n\n\n\n<p>En la actividad que cont\u00f3 con la colaboraci\u00f3n de la\ngobernaci\u00f3n provincial de \u00daltima Esperanza, se dieron a conocer las bases\nt\u00e9cnicas y administrativas del FFOIP que considera proyectos orientados a fortalecimento\nde organizaciones de inter\u00e9s p\u00fablico; fortalecimiento a la comunidad; y\nfortalecimiento a la seguridad y\/o educaci\u00f3n vial.<\/p>\n\n\n\n<p>La seremi de Gobierno, Alejandra Mu\u00f1oz, se\u00f1al\u00f3 que\n\u201ccon el objetivo de descentralizar nuestra regi\u00f3n llegamos hasta la provincia\nde \u00daltima Esperanza para contarles a nuestros dirigentes los requisitos y\nplazos de postulaci\u00f3n, por eso el llamado es a que se motiven con iniciativas\nque puedan fortalecer el rol del dirigente y de cada una de sus organizaciones\u201d.\n<\/p>\n\n\n\n<p>Por otro lado, tras el encuentro, la dirigente del\ngrupo coreogr\u00e1fico Horus Dance y de la Junta N\u00b033 poblaci\u00f3n Shuka II, manifesto\nque \u201cencuentro que es una oportunidad que ayuda a perfeccionar, a trabajar en\nequipo, a incentivar a la comunidad a trabajar unida para obtener atividades,\nrecreaci\u00f3n y crecimiento en conjunto. Estos dineros aportan mucho al\ncrecimiento de las organizaciones, es algo que debemos aprovechar para hacer\ncrecer nuestras juntas de vecinos, agrupaciones, entre otros, para lograr tener\nun mejor estar para todos\u201d. &nbsp;<\/p>\n\n\n\n<p>Las iniciativas que las Organizaciones de Inter\u00e9s\nP\u00fablico presenten pueden ser de car\u00e1cter local, regional y nacional.<\/p>\n\n\n\n<p>Las postulaciones a este Fondo ya se encuentran abiertas y se extender\u00e1n hasta el 5 de abril (para quienes lo hagan por escrito), y hasta el 12 de abril en www.fondos.gob.cl. <\/p>\n\n\n\n<ul class=\"wp-block-gallery columns-2 is-cropped wp-block-gallery-1 is-layout-flex wp-block-gallery-is-layout-flex\"><li class=\"blocks-gallery-item\"><figure><img loading=\"lazy\" decoding=\"async\" width=\"1024\" height=\"683\" src=\"https:\/\/www.radiopresidenteibanez.cl\/web\/wp-content\/uploads\/2019\/03\/IMG_0133-1024x683.jpg\" alt=\"\" data-id=\"2421\" data-link=\"https:\/\/www.radiopresidenteibanez.cl\/web\/?attachment_id=2421\" class=\"wp-image-2421\" srcset=\"https:\/\/www.radiopresidenteibanez.cl\/web\/wp-content\/uploads\/2019\/03\/IMG_0133.jpg 1024w, https:\/\/www.radiopresidenteibanez.cl\/web\/wp-content\/uploads\/2019\/03\/IMG_0133-300x200.jpg 300w, https:\/\/www.radiopresidenteibanez.cl\/web\/wp-content\/uploads\/2019\/03\/IMG_0133-768x512.jpg 768w\" sizes=\"auto, (max-width: 1024px) 100vw, 1024px\" \/><\/figure><\/li><li class=\"blocks-gallery-item\"><figure><img loading=\"lazy\" decoding=\"async\" width=\"1024\" height=\"683\" src=\"https:\/\/www.radiopresidenteibanez.cl\/web\/wp-content\/uploads\/2019\/03\/IMG_0163-1024x683.jpg\" alt=\"\" data-id=\"2422\" data-link=\"https:\/\/www.radiopresidenteibanez.cl\/web\/?attachment_id=2422\" class=\"wp-image-2422\" srcset=\"https:\/\/www.radiopresidenteibanez.cl\/web\/wp-content\/uploads\/2019\/03\/IMG_0163.jpg 1024w, https:\/\/www.radiopresidenteibanez.cl\/web\/wp-content\/uploads\/2019\/03\/IMG_0163-300x200.jpg 300w, https:\/\/www.radiopresidenteibanez.cl\/web\/wp-content\/uploads\/2019\/03\/IMG_0163-768x512.jpg 768w\" sizes=\"auto, (max-width: 1024px) 100vw, 1024px\" \/><\/figure><\/li><\/ul>\n","protected":false},"excerpt":{"rendered":"<p>A Puerto Natales se traslad\u00f3 la seremi de Gobierno, Alejandra Mu\u00f1oz, para invitar a las organizaciones sociales de esa comuna a postular al Fondo de Fortalecimiento de Organizaciones de Inter\u00e9s&#8230; <a class=\"read-more\" href=\"https:\/\/www.radiopresidenteibanez.cl\/web\/seremi-de-gobierno-invito-a-organizaciones-sociales-de-la-provincia-de-ultima-esperanza-a-postular-sus-proyectos\/\">Leer m\u00e1s<\/a><\/p>\n","protected":false},"author":2,"featured_media":2422,"comment_status":"closed","ping_status":"closed","sticky":false,"template":"","format":"standard","meta":{"footnotes":""},"categories":[1],"tags":[],"class_list":["post-2420","post","type-post","status-publish","format-standard","has-post-thumbnail","hentry","category-cronica"],"_links":{"self":[{"href":"https:\/\/www.radiopresidenteibanez.cl\/web\/wp-json\/wp\/v2\/posts\/2420","targetHints":{"allow":["GET"]}}],"collection":[{"href":"https:\/\/www.radiopresidenteibanez.cl\/web\/wp-json\/wp\/v2\/posts"}],"about":[{"href":"https:\/\/www.radiopresidenteibanez.cl\/web\/wp-json\/wp\/v2\/types\/post"}],"author":[{"embeddable":true,"href":"https:\/\/www.radiopresidenteibanez.cl\/web\/wp-json\/wp\/v2\/users\/2"}],"replies":[{"embeddable":true,"href":"https:\/\/www.radiopresidenteibanez.cl\/web\/wp-json\/wp\/v2\/comments?post=2420"}],"version-history":[{"count":0,"href":"https:\/\/www.radiopresidenteibanez.cl\/web\/wp-json\/wp\/v2\/posts\/2420\/revisions"}],"wp:featuredmedia":[{"embeddable":true,"href":"https:\/\/www.radiopresidenteibanez.cl\/web\/wp-json\/wp\/v2\/media\/2422"}],"wp:attachment":[{"href":"https:\/\/www.radiopresidenteibanez.cl\/web\/wp-json\/wp\/v2\/media?parent=2420"}],"wp:term":[{"taxonomy":"category","embeddable":true,"href":"https:\/\/www.radiopresidenteibanez.cl\/web\/wp-json\/wp\/v2\/categories?post=2420"},{"taxonomy":"post_tag","embeddable":true,"href":"https:\/\/www.radiopresidenteibanez.cl\/web\/wp-json\/wp\/v2\/tags?post=2420"}],"curies":[{"name":"wp","href":"https:\/\/api.w.org\/{rel}","templated":true}]}}