{"id":24170,"date":"2021-09-23T11:14:00","date_gmt":"2021-09-23T14:14:00","guid":{"rendered":"https:\/\/www.radiopresidenteibanez.cl\/web\/?p=24170"},"modified":"2021-09-23T10:15:05","modified_gmt":"2021-09-23T13:15:05","slug":"ballet-folclorico-municipal-participara-del-xvii-encuentro-internacional-de-folclore-de-ranco","status":"publish","type":"post","link":"https:\/\/www.radiopresidenteibanez.cl\/web\/ballet-folclorico-municipal-participara-del-xvii-encuentro-internacional-de-folclore-de-ranco\/","title":{"rendered":"BALLET FOLCLORICO MUNICIPAL PARTICIPARA DEL XVII ENCUENTRO INTERNACIONAL DE FOLCLORE DE RANCO"},"content":{"rendered":"\n<p> Nuevamente, y con todas las medidas de seguridad requeridas por la autoridad, parte del elenco estable del Ballet Folcl\u00f3rico Municipal de Punta Arenas, da inicio a una nueva experiencia art\u00edstica y cultural, representando una parte de la cultura patag\u00f3nica y otras, esta vez, en el sur de Chile.<\/p>\n\n\n\n<p><br>Se trata del elenco de danza de esta prestigiosa agrupaci\u00f3n municipal, que participar\u00e1 en la versi\u00f3n n\u00famero XVII del Encuentro Internacional de Folclore de Lago Ranco, quienes compartir\u00e1n escena con reconocidos elencos nacionales, en presentaciones de mediano formato.<\/p>\n\n\n\n<p><br>Hasta dicha comuna llegar\u00e1n los exponentes magall\u00e1nicos para mostrar 2 de sus variados trabajos esc\u00e9nicos, con los cuales pretende deleitar a la audiencia, en las diferentes presentaciones que se contemplan para el viernes 24 y s\u00e1bado 25 del presente mes.<\/p>\n\n\n\n<p><br>En la oportunidad, el elenco puntarenense compartir\u00e1 escenario con diversos elencos nacionales, provenientes de Antofagasta, Santiago y los locales, quienes se dar\u00e1n cita en este importante y reconocido evento folcl\u00f3rico, mostrando parte del folclore patag\u00f3nico y generando un valioso rescate e intercambio cultural y art\u00edstico.<\/p>\n\n\n\n<p><br>Se trata de las obras que llevan por nombre \u201cPampa Austral\u2026 Patagonia\u201d, un homenaje al ovejero de la Patagonia chilena y que ha sido la carta de presentaci\u00f3n del Ballet Folcl\u00f3rico Municipal de importantes festivales nacionales y latinoamericanos y la reestrenada obra denominada \u201cHuaso\u2026 Orgullo de la Patria\u201d, cuyas danzas y melod\u00edas rescatan la cultura del campesinado maulino, de la zona central.<\/p>\n\n\n\n<p><br>Esta gran representatividad, est\u00e1 a cargo del director art\u00edstico del elenco, Oscar Carri\u00f3n Oyarzo, quien manifest\u00f3 sus agradecimientos al Municipio y a la organizaci\u00f3n del festival. \u201cFue una muy importante invitaci\u00f3n, la que se ven\u00eda gestando por varios meses y que por motivos de la pandemia se fue postergando. Siempre valoramos el gran inter\u00e9s de diferentes festivales nacionales y latinoamericanos por contemplar en la parrilla program\u00e1tica a este elenco puntarenense y a otros, quienes tenemos una enorme responsabilidad de llevar los colores magall\u00e1nicos a otros rincones del pa\u00eds. Nos sentimos realmente orgullosos de poder llevar nuestro quehacer art\u00edstico y cultural fuera de la regi\u00f3n, demostrando que en nuestra ciudad existen valiosos elencos folcl\u00f3ricos, con un muy buen nivel art\u00edstico\u201d, indic\u00f3.<\/p>\n\n\n\n<p><br>El elenco que viaja en esta ocasi\u00f3n est\u00e1 integrado por 15 personas, entre bailarines, tramoya, direcci\u00f3n musical, a cargo del destacado docente de m\u00fasica, Cristian Fern\u00e1ndez y Carri\u00f3n Oyarzo, quienes han estado trabajando arduamente, en conjunto con el Municipio, durante el \u00faltimo tiempo para llevar a cabo esta gira interregional, adem\u00e1s de ultimar detalles para los pr\u00f3ximos compromisos comunales, todos a cargo de la Municipalidad de Punta Arenas.<\/p>\n\n\n\n<p><\/p>\n","protected":false},"excerpt":{"rendered":"<p>Nuevamente, y con todas las medidas de seguridad requeridas por la autoridad, parte del elenco estable del Ballet Folcl\u00f3rico Municipal de Punta Arenas, da inicio a una nueva experiencia art\u00edstica&#8230; <a class=\"read-more\" href=\"https:\/\/www.radiopresidenteibanez.cl\/web\/ballet-folclorico-municipal-participara-del-xvii-encuentro-internacional-de-folclore-de-ranco\/\">Leer m\u00e1s<\/a><\/p>\n","protected":false},"author":2,"featured_media":24171,"comment_status":"closed","ping_status":"closed","sticky":false,"template":"","format":"standard","meta":{"footnotes":""},"categories":[1],"tags":[],"class_list":["post-24170","post","type-post","status-publish","format-standard","has-post-thumbnail","hentry","category-cronica"],"_links":{"self":[{"href":"https:\/\/www.radiopresidenteibanez.cl\/web\/wp-json\/wp\/v2\/posts\/24170","targetHints":{"allow":["GET"]}}],"collection":[{"href":"https:\/\/www.radiopresidenteibanez.cl\/web\/wp-json\/wp\/v2\/posts"}],"about":[{"href":"https:\/\/www.radiopresidenteibanez.cl\/web\/wp-json\/wp\/v2\/types\/post"}],"author":[{"embeddable":true,"href":"https:\/\/www.radiopresidenteibanez.cl\/web\/wp-json\/wp\/v2\/users\/2"}],"replies":[{"embeddable":true,"href":"https:\/\/www.radiopresidenteibanez.cl\/web\/wp-json\/wp\/v2\/comments?post=24170"}],"version-history":[{"count":0,"href":"https:\/\/www.radiopresidenteibanez.cl\/web\/wp-json\/wp\/v2\/posts\/24170\/revisions"}],"wp:featuredmedia":[{"embeddable":true,"href":"https:\/\/www.radiopresidenteibanez.cl\/web\/wp-json\/wp\/v2\/media\/24171"}],"wp:attachment":[{"href":"https:\/\/www.radiopresidenteibanez.cl\/web\/wp-json\/wp\/v2\/media?parent=24170"}],"wp:term":[{"taxonomy":"category","embeddable":true,"href":"https:\/\/www.radiopresidenteibanez.cl\/web\/wp-json\/wp\/v2\/categories?post=24170"},{"taxonomy":"post_tag","embeddable":true,"href":"https:\/\/www.radiopresidenteibanez.cl\/web\/wp-json\/wp\/v2\/tags?post=24170"}],"curies":[{"name":"wp","href":"https:\/\/api.w.org\/{rel}","templated":true}]}}