{"id":2417,"date":"2019-03-20T14:17:32","date_gmt":"2019-03-20T14:17:32","guid":{"rendered":"http:\/\/www.radiopresidenteibanez.cl\/web\/?p=2417"},"modified":"2019-03-20T14:18:16","modified_gmt":"2019-03-20T14:18:16","slug":"con-obra-hechos-consumados-culmina-ciclo-de-verano-de-la-cartelera-cultural-en-punta-arenas","status":"publish","type":"post","link":"https:\/\/www.radiopresidenteibanez.cl\/web\/con-obra-hechos-consumados-culmina-ciclo-de-verano-de-la-cartelera-cultural-en-punta-arenas\/","title":{"rendered":"CON OBRA \u201cHECHOS CONSUMADOS\u201d CULMINA CICLO DE VERANO DE LA CARTELERA CULTURAL EN PUNTA ARENAS"},"content":{"rendered":"\n<p> Con la obra del dramaturgo chileno, Juan Radrig\u00e1n, \u201cHechos Consumados\u201d, el Municipio de Punta Arenas pondr\u00e1 fin al ciclo de verano de la Cartelera Cultural, que cont\u00f3 con destacados montajes, como las obras \u201cLos Invasores\u201d, \u201cMon\u00f3logos de la vagina\u201d, \u201cDe Quijano a Quijote\u201d, adem\u00e1s de la presentaci\u00f3n de la Regia Orquesta y el seminario \u201cLiderazgo y Emociones\u201d, dictado por la periodista chilena, Jennifer Warner.\u00a0La primera parte de la Cartelera Cultural de este a\u00f1o, preparada desde la Direcci\u00f3n de Desarrollo Comunitario del Municipio de Punta Arenas, concluir\u00e1 este s\u00e1bado 23 de marzo, a las 19 horas, con la puesta en escena que se llevar\u00e1 a cabo en el Centro Cultural (21 de Mayo 2421).\u00a0\u201cHechos Consumados\u201d llega a Punta Arenas con destacados actores, como V\u00edctor Montero, actor nacional que ha trabajado en \u201cLos Archivos del Cardenal\u201d y en las teleseries chilenas \u201cSomos Los Carmona\u201d,\u00a0 \u201cPerdona Nuestros Pecados\u201d, y \u201cNo Abras la Puerta\u201d, junto a un elenco de primer nivel, integrado por Natacha Oyarz\u00fan y Felipe Zepeda.Esta obra de Juan Radrig\u00e1n se ha consagrado como un texto fundamental para el teatro chileno en el g\u00e9nero realismo drama social, en cuyo desarrollo triunfa la incomprensi\u00f3n, el odio y la imposici\u00f3n. Sin embargo, en el horizonte, contin\u00faa el paso de cientos de cuerpos desolados y sin alma.La dramaturgia de Radrig\u00e1n entrega las visiones, las sensibilidades y los sue\u00f1os de seres marginados de la sociedad pero que, pese a todo, mantienen su dignidad en su condici\u00f3n humana.Las invitaciones estar\u00e1n disponibles este jueves y viernes (21 y 22 de marzo), en el Teatro Municipal de Punta Arenas y el supermercado Unimarc Sur, entre las 15 y 19 horas.\u00a0 <\/p>\n\n\n\n<figure class=\"wp-block-image\"><img loading=\"lazy\" decoding=\"async\" width=\"1024\" height=\"640\" src=\"https:\/\/www.radiopresidenteibanez.cl\/web\/wp-content\/uploads\/2019\/03\/FOTO-4-HECHOS-CONSUMADOS-1024x640.png\" alt=\"\" class=\"wp-image-2418\" srcset=\"https:\/\/www.radiopresidenteibanez.cl\/web\/wp-content\/uploads\/2019\/03\/FOTO-4-HECHOS-CONSUMADOS-1024x640.png 1024w, https:\/\/www.radiopresidenteibanez.cl\/web\/wp-content\/uploads\/2019\/03\/FOTO-4-HECHOS-CONSUMADOS-300x188.png 300w, https:\/\/www.radiopresidenteibanez.cl\/web\/wp-content\/uploads\/2019\/03\/FOTO-4-HECHOS-CONSUMADOS-768x480.png 768w, https:\/\/www.radiopresidenteibanez.cl\/web\/wp-content\/uploads\/2019\/03\/FOTO-4-HECHOS-CONSUMADOS.png 1440w\" sizes=\"auto, (max-width: 1024px) 100vw, 1024px\" \/><\/figure>\n","protected":false},"excerpt":{"rendered":"<p>Con la obra del dramaturgo chileno, Juan Radrig\u00e1n, \u201cHechos Consumados\u201d, el Municipio de Punta Arenas pondr\u00e1 fin al ciclo de verano de la Cartelera Cultural, que cont\u00f3 con destacados montajes,&#8230; <a class=\"read-more\" href=\"https:\/\/www.radiopresidenteibanez.cl\/web\/con-obra-hechos-consumados-culmina-ciclo-de-verano-de-la-cartelera-cultural-en-punta-arenas\/\">Leer m\u00e1s<\/a><\/p>\n","protected":false},"author":2,"featured_media":2418,"comment_status":"closed","ping_status":"closed","sticky":false,"template":"","format":"standard","meta":{"footnotes":""},"categories":[1],"tags":[],"class_list":["post-2417","post","type-post","status-publish","format-standard","has-post-thumbnail","hentry","category-cronica"],"_links":{"self":[{"href":"https:\/\/www.radiopresidenteibanez.cl\/web\/wp-json\/wp\/v2\/posts\/2417","targetHints":{"allow":["GET"]}}],"collection":[{"href":"https:\/\/www.radiopresidenteibanez.cl\/web\/wp-json\/wp\/v2\/posts"}],"about":[{"href":"https:\/\/www.radiopresidenteibanez.cl\/web\/wp-json\/wp\/v2\/types\/post"}],"author":[{"embeddable":true,"href":"https:\/\/www.radiopresidenteibanez.cl\/web\/wp-json\/wp\/v2\/users\/2"}],"replies":[{"embeddable":true,"href":"https:\/\/www.radiopresidenteibanez.cl\/web\/wp-json\/wp\/v2\/comments?post=2417"}],"version-history":[{"count":0,"href":"https:\/\/www.radiopresidenteibanez.cl\/web\/wp-json\/wp\/v2\/posts\/2417\/revisions"}],"wp:featuredmedia":[{"embeddable":true,"href":"https:\/\/www.radiopresidenteibanez.cl\/web\/wp-json\/wp\/v2\/media\/2418"}],"wp:attachment":[{"href":"https:\/\/www.radiopresidenteibanez.cl\/web\/wp-json\/wp\/v2\/media?parent=2417"}],"wp:term":[{"taxonomy":"category","embeddable":true,"href":"https:\/\/www.radiopresidenteibanez.cl\/web\/wp-json\/wp\/v2\/categories?post=2417"},{"taxonomy":"post_tag","embeddable":true,"href":"https:\/\/www.radiopresidenteibanez.cl\/web\/wp-json\/wp\/v2\/tags?post=2417"}],"curies":[{"name":"wp","href":"https:\/\/api.w.org\/{rel}","templated":true}]}}