{"id":24161,"date":"2021-09-23T09:05:00","date_gmt":"2021-09-23T12:05:00","guid":{"rendered":"https:\/\/www.radiopresidenteibanez.cl\/web\/?p=24161"},"modified":"2021-09-23T08:34:17","modified_gmt":"2021-09-23T11:34:17","slug":"ministerio-economia-abre-convocatoria-de-postulacion-a-premios-inspiratec-2021","status":"publish","type":"post","link":"https:\/\/www.radiopresidenteibanez.cl\/web\/ministerio-economia-abre-convocatoria-de-postulacion-a-premios-inspiratec-2021\/","title":{"rendered":"MINISTERIO ECONOMIA ABRE CONVOCATORIA DE POSTULACION A PREMIOS INSPIRATEC 2021"},"content":{"rendered":"\n<p>Con el objetivo de potenciar la\nparticipaci\u00f3n de mujeres en tecnolog\u00eda, la Subsecretar\u00eda de Econom\u00eda y Empresas\nde Menor Tama\u00f1o abri\u00f3 una nueva convocatoria para la participaci\u00f3n en el premio\nInspiraTEC 2021. La iniciativa -fundada el 2016- busca reconocer a las\ninvenciones de mujeres emprendedoras en ciencia y tecnolog\u00eda. <\/p>\n\n\n\n<p>La versi\u00f3n de este a\u00f1o ha\nampliado su convocatoria, haciendo un llamado a mujeres destacadas en todas las\ndisciplinas STEM (Ciencia, Tecnolog\u00eda, Ingenier\u00eda y Matem\u00e1ticas). Con el\nobjetivo de aumentar la visibilidad del aporte de las mujeres a la innovaci\u00f3n,\nfomentar los emprendimientos femeninos y la generaci\u00f3n de empleos. <\/p>\n\n\n\n<p>La Seremi de Econom\u00eda, Fomento y\nTurismo de la Regi\u00f3n de Magallanes y Ant\u00e1rtica Chilena, Natalia Easton, destaca\nel rol de las mujeres en esta materia e indica \u201cEl premio InspiraTec es una\ngran oportunidad para reconocer el rol que tienen las mujeres en la generaci\u00f3n\nde emprendimientos vinculados al desarrollo tecnol\u00f3gico y la ciencia, en un\nmundo donde estas materias hist\u00f3ricamente han estado ligadas m\u00e1s bien a\nliderazgos masculinos, sin embargo cada d\u00eda son m\u00e1s las mujeres que han logrado\navanzar con \u00e9xito en estos desaf\u00edos y no nos cabe duda de que las emprendedoras\nMagall\u00e1nicas que est\u00e9n desarrollando proyectos en disciplinas STEM pueden\nconvertirse en importantes referentes en esta convocatoria. A todas ellas las\ninvito a postular hasta el 4 de octubre y representar a nuestra regi\u00f3n en los\nInspiraTec 2021\u201d.<\/p>\n\n\n\n<p>La convocatoria est\u00e1 dirigida a\nmujeres, chilenas o extranjeras, con un m\u00ednimo de dos a\u00f1os de residencia en\nChile, que sean fundadoras o socias de proyectos o emprendimientos de base\nSTEM. Las categor\u00edas para premiar son: Joven inspiradora, Emprendedoras STEM,\nEmprendimiento Temprano y Empresa Consolidada. <\/p>\n\n\n\n<p>La primera categor\u00eda reconoce a\nj\u00f3venes de entre 14 y 25 a\u00f1os, destacadas por su liderazgo y\/o participaci\u00f3n en\nproyectos, cuyo objetivo sea el desarrollo, investigaci\u00f3n, aplicaci\u00f3n o\ndifusi\u00f3n de tecnolog\u00eda, ciencia y matem\u00e1tica. Esta categor\u00eda busca inspirar a\notras mujeres a estudiar, emprender y trabajar en disciplinas STEM. <\/p>\n\n\n\n<p>La segunda destaca a mujeres que\nformen parte y\/o dirijan un emprendimiento de base STEM en etapa inicial. Que\nhayan incorporado en su emprendimiento innovaci\u00f3n basada en dichas \u00e1reas.\nMientras que la \u00faltima categor\u00eda reconoce a mujeres que participen y\/o lideren\nuna empresa de base STEM, que incorporen innovaci\u00f3n basada en dichas \u00e1reas, que\ncuenten con iniciaci\u00f3n de actividades y tributen en primera categor\u00eda con al\nmenos tres a\u00f1os de ventas. <\/p>\n\n\n\n<p>Las mujeres que deseen postular\ndeber\u00e1n hacerlo de manera online, completando un formulario virtual que se\nencuentra en <a href=\"http:\/\/www.premioinspiratec.cl\">www.premioinspiratec.cl<\/a>. El\nperiodo de postulaci\u00f3n es desde el 20 de septiembre hasta el 4 de octubre. En\nprimera instancia se seleccionar\u00e1n 34 finalistas, de las cuales se elegir\u00e1n 11\nganadoras del premio.<\/p>\n","protected":false},"excerpt":{"rendered":"<p>Con el objetivo de potenciar la participaci\u00f3n de mujeres en tecnolog\u00eda, la Subsecretar\u00eda de Econom\u00eda y Empresas de Menor Tama\u00f1o abri\u00f3 una nueva convocatoria para la participaci\u00f3n en el premio&#8230; <a class=\"read-more\" href=\"https:\/\/www.radiopresidenteibanez.cl\/web\/ministerio-economia-abre-convocatoria-de-postulacion-a-premios-inspiratec-2021\/\">Leer m\u00e1s<\/a><\/p>\n","protected":false},"author":2,"featured_media":24162,"comment_status":"closed","ping_status":"closed","sticky":false,"template":"","format":"standard","meta":{"footnotes":""},"categories":[1],"tags":[],"class_list":["post-24161","post","type-post","status-publish","format-standard","has-post-thumbnail","hentry","category-cronica"],"_links":{"self":[{"href":"https:\/\/www.radiopresidenteibanez.cl\/web\/wp-json\/wp\/v2\/posts\/24161","targetHints":{"allow":["GET"]}}],"collection":[{"href":"https:\/\/www.radiopresidenteibanez.cl\/web\/wp-json\/wp\/v2\/posts"}],"about":[{"href":"https:\/\/www.radiopresidenteibanez.cl\/web\/wp-json\/wp\/v2\/types\/post"}],"author":[{"embeddable":true,"href":"https:\/\/www.radiopresidenteibanez.cl\/web\/wp-json\/wp\/v2\/users\/2"}],"replies":[{"embeddable":true,"href":"https:\/\/www.radiopresidenteibanez.cl\/web\/wp-json\/wp\/v2\/comments?post=24161"}],"version-history":[{"count":0,"href":"https:\/\/www.radiopresidenteibanez.cl\/web\/wp-json\/wp\/v2\/posts\/24161\/revisions"}],"wp:featuredmedia":[{"embeddable":true,"href":"https:\/\/www.radiopresidenteibanez.cl\/web\/wp-json\/wp\/v2\/media\/24162"}],"wp:attachment":[{"href":"https:\/\/www.radiopresidenteibanez.cl\/web\/wp-json\/wp\/v2\/media?parent=24161"}],"wp:term":[{"taxonomy":"category","embeddable":true,"href":"https:\/\/www.radiopresidenteibanez.cl\/web\/wp-json\/wp\/v2\/categories?post=24161"},{"taxonomy":"post_tag","embeddable":true,"href":"https:\/\/www.radiopresidenteibanez.cl\/web\/wp-json\/wp\/v2\/tags?post=24161"}],"curies":[{"name":"wp","href":"https:\/\/api.w.org\/{rel}","templated":true}]}}