{"id":2413,"date":"2019-03-20T14:13:24","date_gmt":"2019-03-20T14:13:24","guid":{"rendered":"http:\/\/www.radiopresidenteibanez.cl\/web\/?p=2413"},"modified":"2019-03-20T14:13:42","modified_gmt":"2019-03-20T14:13:42","slug":"16-talleres-gratuitos-para-adultos-mayores-presento-el-municipio-de-punta-arenas","status":"publish","type":"post","link":"https:\/\/www.radiopresidenteibanez.cl\/web\/16-talleres-gratuitos-para-adultos-mayores-presento-el-municipio-de-punta-arenas\/","title":{"rendered":"16 TALLERES GRATUITOS PARA ADULTOS MAYORES PRESENT\u00d3 EL MUNICIPIO DE PUNTA ARENAS"},"content":{"rendered":"\n<p> Yoga, risoterapia, guitarra, activaci\u00f3n de la memoria, ingl\u00e9s, y coro, son s\u00f3lo algunos de los 16 talleres gratuitos a los que los adultos mayores podr\u00e1n acceder, gracias a la invitaci\u00f3n realizada por la Municipalidad de Punta Arenas.As\u00ed lo hizo saber el alcalde, Claudio Radonich, quien invit\u00f3 a la comunidad a inscribirse en la renovada sede del Adulto Mayor, ubicada en Covadonga 063, que hace un a\u00f1o fue objeto de un robo e incendio y que actualmente, ya se encuentra abierta nuevamente a los vecinos. \u201cHay cursos en la ma\u00f1ana, cursos en la tarde, son totalmente gratis. <\/p>\n\n\n\n<p>Son 16 talleres y estamos esperando, como ya ven, que todos nuestros vecinos que quieran, van a tener su espacio totalmente gratis para que puedan entretenerse, estar con m\u00e1s gente, pero tambi\u00e9n aprender algo nuevo\u201d, indic\u00f3 el jefe comunal.<\/p>\n\n\n\n<p>Por su parte, Nelly Hern\u00e1ndez, de 69 a\u00f1os de edad, destac\u00f3 la iniciativa que le ha permitido acceder a nuevos conocimientos y contar con una mayor vida social. \u201cPara m\u00ed, antes mi mundo era la casa y no ten\u00eda muchas amistades. Y ahora, usted ve, me llaman por tel\u00e9fono, todo. Me cambi\u00f3 la vida y estoy feliz\u201d, indic\u00f3 la mujer, quien inst\u00f3 a sus pares a participar de las actividades.\u00a0Los talleres, impartidos por monitores con destacada experiencia, se realizar\u00e1n entre abril y noviembre. <\/p>\n\n\n\n<p>Adem\u00e1s, los asistentes podr\u00e1n participar de actividades masivas recreativas, charlas y capacitaciones.Cabe destacar que la unidad fue reforzada con un equipo de profesionales multidisciplinario, compuesto por asistente social, kinesi\u00f3loga y terapeuta ocupacional, para atender las inquietudes de los usuarios.\u00a0Las inscripciones para los talleres se realizar\u00e1n de lunes a viernes, de 8 a 13 horas y de 14 a 17 horas, en Covadonga 063, y los interesados s\u00f3lo deben llevar su carnet de identidad.\u00a0 <\/p>\n\n\n\n<ul class=\"wp-block-gallery columns-2 is-cropped wp-block-gallery-1 is-layout-flex wp-block-gallery-is-layout-flex\"><li class=\"blocks-gallery-item\"><figure><img loading=\"lazy\" decoding=\"async\" width=\"900\" height=\"621\" src=\"https:\/\/www.radiopresidenteibanez.cl\/web\/wp-content\/uploads\/2019\/03\/DSC_1050.jpg\" alt=\"\" data-id=\"2414\" data-link=\"https:\/\/www.radiopresidenteibanez.cl\/web\/?attachment_id=2414\" class=\"wp-image-2414\" srcset=\"https:\/\/www.radiopresidenteibanez.cl\/web\/wp-content\/uploads\/2019\/03\/DSC_1050.jpg 900w, https:\/\/www.radiopresidenteibanez.cl\/web\/wp-content\/uploads\/2019\/03\/DSC_1050-300x207.jpg 300w, https:\/\/www.radiopresidenteibanez.cl\/web\/wp-content\/uploads\/2019\/03\/DSC_1050-768x530.jpg 768w\" sizes=\"auto, (max-width: 900px) 100vw, 900px\" \/><\/figure><\/li><li class=\"blocks-gallery-item\"><figure><img loading=\"lazy\" decoding=\"async\" width=\"900\" height=\"581\" src=\"https:\/\/www.radiopresidenteibanez.cl\/web\/wp-content\/uploads\/2019\/03\/DSC_1144.jpg\" alt=\"\" data-id=\"2415\" data-link=\"https:\/\/www.radiopresidenteibanez.cl\/web\/?attachment_id=2415\" class=\"wp-image-2415\" srcset=\"https:\/\/www.radiopresidenteibanez.cl\/web\/wp-content\/uploads\/2019\/03\/DSC_1144.jpg 900w, https:\/\/www.radiopresidenteibanez.cl\/web\/wp-content\/uploads\/2019\/03\/DSC_1144-300x194.jpg 300w, https:\/\/www.radiopresidenteibanez.cl\/web\/wp-content\/uploads\/2019\/03\/DSC_1144-768x496.jpg 768w\" sizes=\"auto, (max-width: 900px) 100vw, 900px\" \/><\/figure><\/li><\/ul>\n","protected":false},"excerpt":{"rendered":"<p>Yoga, risoterapia, guitarra, activaci\u00f3n de la memoria, ingl\u00e9s, y coro, son s\u00f3lo algunos de los 16 talleres gratuitos a los que los adultos mayores podr\u00e1n acceder, gracias a la invitaci\u00f3n&#8230; <a class=\"read-more\" href=\"https:\/\/www.radiopresidenteibanez.cl\/web\/16-talleres-gratuitos-para-adultos-mayores-presento-el-municipio-de-punta-arenas\/\">Leer m\u00e1s<\/a><\/p>\n","protected":false},"author":2,"featured_media":2414,"comment_status":"closed","ping_status":"closed","sticky":false,"template":"","format":"standard","meta":{"footnotes":""},"categories":[1],"tags":[],"class_list":["post-2413","post","type-post","status-publish","format-standard","has-post-thumbnail","hentry","category-cronica"],"_links":{"self":[{"href":"https:\/\/www.radiopresidenteibanez.cl\/web\/wp-json\/wp\/v2\/posts\/2413","targetHints":{"allow":["GET"]}}],"collection":[{"href":"https:\/\/www.radiopresidenteibanez.cl\/web\/wp-json\/wp\/v2\/posts"}],"about":[{"href":"https:\/\/www.radiopresidenteibanez.cl\/web\/wp-json\/wp\/v2\/types\/post"}],"author":[{"embeddable":true,"href":"https:\/\/www.radiopresidenteibanez.cl\/web\/wp-json\/wp\/v2\/users\/2"}],"replies":[{"embeddable":true,"href":"https:\/\/www.radiopresidenteibanez.cl\/web\/wp-json\/wp\/v2\/comments?post=2413"}],"version-history":[{"count":0,"href":"https:\/\/www.radiopresidenteibanez.cl\/web\/wp-json\/wp\/v2\/posts\/2413\/revisions"}],"wp:featuredmedia":[{"embeddable":true,"href":"https:\/\/www.radiopresidenteibanez.cl\/web\/wp-json\/wp\/v2\/media\/2414"}],"wp:attachment":[{"href":"https:\/\/www.radiopresidenteibanez.cl\/web\/wp-json\/wp\/v2\/media?parent=2413"}],"wp:term":[{"taxonomy":"category","embeddable":true,"href":"https:\/\/www.radiopresidenteibanez.cl\/web\/wp-json\/wp\/v2\/categories?post=2413"},{"taxonomy":"post_tag","embeddable":true,"href":"https:\/\/www.radiopresidenteibanez.cl\/web\/wp-json\/wp\/v2\/tags?post=2413"}],"curies":[{"name":"wp","href":"https:\/\/api.w.org\/{rel}","templated":true}]}}