{"id":241,"date":"2019-01-04T15:09:43","date_gmt":"2019-01-04T15:09:43","guid":{"rendered":"http:\/\/www.radiopresidenteibanez.cl\/web\/?p=241"},"modified":"2019-01-04T15:10:12","modified_gmt":"2019-01-04T15:10:12","slug":"punta-arenas-salones-vip-de-aeropuerto-explico-por-que-transmitieron-discurso-de-pinochet-y-un-video-en-redes-sociales-derrumbo-su-argumento","status":"publish","type":"post","link":"https:\/\/www.radiopresidenteibanez.cl\/web\/punta-arenas-salones-vip-de-aeropuerto-explico-por-que-transmitieron-discurso-de-pinochet-y-un-video-en-redes-sociales-derrumbo-su-argumento\/","title":{"rendered":"PUNTA ARENAS: SALONES VIP DE AEROPUERTO EXPLIC\u00d3 POR QU\u00c9 TRANSMITIERON DISCURSO DE PINOCHET Y UN VIDEO EN REDES SOCIALES DERRUMB\u00d3 SU ARGUMENTO"},"content":{"rendered":"\n<p>Fue a trav\u00e9s de Twitter donde diversos usuarios dieron cuenta de una extra\u00f1a situaci\u00f3n. En el sal\u00f3n VIP del Aeropuerto Internacional Presidente Carlos Ib\u00e1\u00f1ez del Campo de Punta Arenas, en la Regi\u00f3n de Magallanes, se transmiti\u00f3 un discurso de Augusto Pinochet.<\/p>\n\n\n\n<p>\u201cInaudito en Salones Pacific VIP de Punta Arenas transmiten discurso del dictador Pinochet. Encargada no hace nada frente a reclamo\u201d, se\u00f1al\u00f3 la usuaria Alejandra Ojeda en su cuenta de Twitter.<\/p>\n\n\n\n<p>La mujer cont\u00f3 a&nbsp;<a href=\"https:\/\/www.cooperativa.cl\/noticias\/pais\/region-de-magallanes\/denuncian-que-aeropuerto-de-punta-arenas-transmitio-discurso-de-pinochet\/2019-01-03\/100155.html\" rel=\"noreferrer noopener\" target=\"_blank\">Cooperativa<\/a>&nbsp;que el televisor estaba transmitiendo un canal nacional cuando de un momento a otro, aparecieron las im\u00e1genes del dictador. Aunque dio cuenta de esta situaci\u00f3n a un funcionario del lugar, no fue tomada en cuenta.<\/p>\n\n\n\n<p>\u201cPasamos a decirle que nos parec\u00eda inaudito que est\u00e9n proyectando discursos del dictador en Chile, y que lo \u00edbamos a publicar en redes sociales\u2026 No nos respondieron nada. Por el contrario, (el trabajador) sigui\u00f3 atendiendo a otra persona\u201d, relat\u00f3, agregando que \u201chab\u00eda otros pasajeros esperando ah\u00ed, por otro vuelo, y ellos quedaron muy sorprendidos. Eran todos turistas, hablaban en ingl\u00e9s, y miraban a todos lados, nos miraron a nosotros; como que se sonrieron, sorprendidos por lo que estaba pasando\u201d.<\/p>\n","protected":false},"excerpt":{"rendered":"<p>Fue a trav\u00e9s de Twitter donde diversos usuarios dieron cuenta de una extra\u00f1a situaci\u00f3n. En el sal\u00f3n VIP del Aeropuerto Internacional Presidente Carlos Ib\u00e1\u00f1ez del Campo de Punta Arenas, en&#8230; <a class=\"read-more\" href=\"https:\/\/www.radiopresidenteibanez.cl\/web\/punta-arenas-salones-vip-de-aeropuerto-explico-por-que-transmitieron-discurso-de-pinochet-y-un-video-en-redes-sociales-derrumbo-su-argumento\/\">Leer m\u00e1s<\/a><\/p>\n","protected":false},"author":2,"featured_media":242,"comment_status":"closed","ping_status":"closed","sticky":false,"template":"","format":"standard","meta":{"footnotes":""},"categories":[1],"tags":[],"class_list":["post-241","post","type-post","status-publish","format-standard","has-post-thumbnail","hentry","category-cronica"],"_links":{"self":[{"href":"https:\/\/www.radiopresidenteibanez.cl\/web\/wp-json\/wp\/v2\/posts\/241","targetHints":{"allow":["GET"]}}],"collection":[{"href":"https:\/\/www.radiopresidenteibanez.cl\/web\/wp-json\/wp\/v2\/posts"}],"about":[{"href":"https:\/\/www.radiopresidenteibanez.cl\/web\/wp-json\/wp\/v2\/types\/post"}],"author":[{"embeddable":true,"href":"https:\/\/www.radiopresidenteibanez.cl\/web\/wp-json\/wp\/v2\/users\/2"}],"replies":[{"embeddable":true,"href":"https:\/\/www.radiopresidenteibanez.cl\/web\/wp-json\/wp\/v2\/comments?post=241"}],"version-history":[{"count":0,"href":"https:\/\/www.radiopresidenteibanez.cl\/web\/wp-json\/wp\/v2\/posts\/241\/revisions"}],"wp:featuredmedia":[{"embeddable":true,"href":"https:\/\/www.radiopresidenteibanez.cl\/web\/wp-json\/wp\/v2\/media\/242"}],"wp:attachment":[{"href":"https:\/\/www.radiopresidenteibanez.cl\/web\/wp-json\/wp\/v2\/media?parent=241"}],"wp:term":[{"taxonomy":"category","embeddable":true,"href":"https:\/\/www.radiopresidenteibanez.cl\/web\/wp-json\/wp\/v2\/categories?post=241"},{"taxonomy":"post_tag","embeddable":true,"href":"https:\/\/www.radiopresidenteibanez.cl\/web\/wp-json\/wp\/v2\/tags?post=241"}],"curies":[{"name":"wp","href":"https:\/\/api.w.org\/{rel}","templated":true}]}}