{"id":2408,"date":"2019-03-19T22:57:52","date_gmt":"2019-03-19T22:57:52","guid":{"rendered":"http:\/\/www.radiopresidenteibanez.cl\/web\/?p=2408"},"modified":"2019-03-19T22:58:01","modified_gmt":"2019-03-19T22:58:01","slug":"mas-de-180-cupos-laborales-se-ofreceran-en-primera-micro-feria-de-empleo-de-punta-arenas","status":"publish","type":"post","link":"https:\/\/www.radiopresidenteibanez.cl\/web\/mas-de-180-cupos-laborales-se-ofreceran-en-primera-micro-feria-de-empleo-de-punta-arenas\/","title":{"rendered":"M\u00c1S DE 180 CUPOS LABORALES SE OFRECER\u00c1N EN PRIMERA MICRO FERIA DE EMPLEO DE PUNTA ARENAS"},"content":{"rendered":"\n<p>La primera \u201cmicro\u201d feria de empleo\nse llevar\u00e1 a cabo en Punta Arenas esta semana a partir de la coordinaci\u00f3n entre\nla Seremi del Trabajo, el Servicio Nacional de Capacitaci\u00f3n y Empleo (Sence)\nMagallanes, la Oficina Municipal de Intermediaci\u00f3n Laboral (Omil) y la\nadministraci\u00f3n de Zona Austral.<\/p>\n\n\n\n<p>Esta instancia, que busca reunir la\noferta con la demanda de trabajo en la zona, se constituye como la primera\nferia de empleo de las comprometidas para este 2019 por la autoridad laboral y\nofrecer\u00e1, en primera instancia, m\u00e1s de 180 cupos laborales en la capital\nregional.<\/p>\n\n\n\n<p>\u201cEfectivamente, estamos coordinando\npara este jueves 21 de marzo, entre las 11:00 y las 19:00 horas, en la Sala\nEspacio Austral de la Zona Franca, la realizaci\u00f3n de nuestra primera feria de\nempleo del a\u00f1o 2019. En realidad, le hemos dado el apodo de \u2018micro\u2019 feria,\ndebido a que son menos cupos de los que ofrecemos habitualmente en las ferias\nlaborales de Sence, sin embargo, es una cantidad no menor de vacantes. Tenemos\nm\u00e1s de 180 y esperamos sumar algunos m\u00e1s y llegar a m\u00e1s de 200 antes del inicio\nde la feria\u201d, explic\u00f3 la Seremi del Trabajo, Victoria Cort\u00e9s Schiattino,\ninvitando a la comunidad a participar de esta instancia.<\/p>\n\n\n\n<p>Seg\u00fan coment\u00f3 la secretaria local, en\neste evento se reunir\u00e1n las vacantes Omil, m\u00e1s los cupos ofrecidos por empresas\nde la Zona Austral, cuya administradora es parte de la organizaci\u00f3n del\nencuentro. Pero tambi\u00e9n se sumar\u00e1n algunos puestos de empresas como Seafood\nChile, Constructora Vilicic, Sodexho y otras.<\/p>\n\n\n\n<p>\u201cLos puestos que se van a ofrecer son bastante variados, desde administrativos, cajeros, vendedores, bodegueros, entre otros. Vamos a trabajar en esta feria de empleo con la Omil. Ya tenemos confirmados m\u00e1s de 180 cupos y esperamos superar una oferta de 200 puestos de trabajo, as\u00ed que la invitaci\u00f3n es a toda la comunidad a que nos visiten ese d\u00eda, que lleven su curr\u00edculum. Si tienen imposibilidad de llevar el curriculum impreso, vamos a tener capacidad para imprimirlo en el lugar y ojal\u00e1 todos aquellos que est\u00e1n buscando trabajo puedan acompa\u00f1arnos en esta oportunidad y as\u00ed convertirnos un nexo efectivo entre la demanda y oferta de trabajo en nuestra regi\u00f3n\u201d.<\/p>\n\n\n\n<figure class=\"wp-block-image\"><img loading=\"lazy\" decoding=\"async\" width=\"900\" height=\"599\" src=\"https:\/\/www.radiopresidenteibanez.cl\/web\/wp-content\/uploads\/2019\/03\/IMG_3231_1.jpg\" alt=\"\" class=\"wp-image-2409\" srcset=\"https:\/\/www.radiopresidenteibanez.cl\/web\/wp-content\/uploads\/2019\/03\/IMG_3231_1.jpg 900w, https:\/\/www.radiopresidenteibanez.cl\/web\/wp-content\/uploads\/2019\/03\/IMG_3231_1-300x200.jpg 300w, https:\/\/www.radiopresidenteibanez.cl\/web\/wp-content\/uploads\/2019\/03\/IMG_3231_1-768x511.jpg 768w\" sizes=\"auto, (max-width: 900px) 100vw, 900px\" \/><\/figure>\n","protected":false},"excerpt":{"rendered":"<p>La primera \u201cmicro\u201d feria de empleo se llevar\u00e1 a cabo en Punta Arenas esta semana a partir de la coordinaci\u00f3n entre la Seremi del Trabajo, el Servicio Nacional de Capacitaci\u00f3n&#8230; <a class=\"read-more\" href=\"https:\/\/www.radiopresidenteibanez.cl\/web\/mas-de-180-cupos-laborales-se-ofreceran-en-primera-micro-feria-de-empleo-de-punta-arenas\/\">Leer m\u00e1s<\/a><\/p>\n","protected":false},"author":2,"featured_media":2409,"comment_status":"closed","ping_status":"closed","sticky":false,"template":"","format":"standard","meta":{"footnotes":""},"categories":[1],"tags":[],"class_list":["post-2408","post","type-post","status-publish","format-standard","has-post-thumbnail","hentry","category-cronica"],"_links":{"self":[{"href":"https:\/\/www.radiopresidenteibanez.cl\/web\/wp-json\/wp\/v2\/posts\/2408","targetHints":{"allow":["GET"]}}],"collection":[{"href":"https:\/\/www.radiopresidenteibanez.cl\/web\/wp-json\/wp\/v2\/posts"}],"about":[{"href":"https:\/\/www.radiopresidenteibanez.cl\/web\/wp-json\/wp\/v2\/types\/post"}],"author":[{"embeddable":true,"href":"https:\/\/www.radiopresidenteibanez.cl\/web\/wp-json\/wp\/v2\/users\/2"}],"replies":[{"embeddable":true,"href":"https:\/\/www.radiopresidenteibanez.cl\/web\/wp-json\/wp\/v2\/comments?post=2408"}],"version-history":[{"count":0,"href":"https:\/\/www.radiopresidenteibanez.cl\/web\/wp-json\/wp\/v2\/posts\/2408\/revisions"}],"wp:featuredmedia":[{"embeddable":true,"href":"https:\/\/www.radiopresidenteibanez.cl\/web\/wp-json\/wp\/v2\/media\/2409"}],"wp:attachment":[{"href":"https:\/\/www.radiopresidenteibanez.cl\/web\/wp-json\/wp\/v2\/media?parent=2408"}],"wp:term":[{"taxonomy":"category","embeddable":true,"href":"https:\/\/www.radiopresidenteibanez.cl\/web\/wp-json\/wp\/v2\/categories?post=2408"},{"taxonomy":"post_tag","embeddable":true,"href":"https:\/\/www.radiopresidenteibanez.cl\/web\/wp-json\/wp\/v2\/tags?post=2408"}],"curies":[{"name":"wp","href":"https:\/\/api.w.org\/{rel}","templated":true}]}}