{"id":2405,"date":"2019-03-19T18:22:12","date_gmt":"2019-03-19T18:22:12","guid":{"rendered":"http:\/\/www.radiopresidenteibanez.cl\/web\/?p=2405"},"modified":"2019-03-19T18:22:56","modified_gmt":"2019-03-19T18:22:56","slug":"lanzan-plataforma-de-integridad-del-mop","status":"publish","type":"post","link":"https:\/\/www.radiopresidenteibanez.cl\/web\/lanzan-plataforma-de-integridad-del-mop\/","title":{"rendered":"LANZAN PLATAFORMA DE INTEGRIDAD DEL MOP"},"content":{"rendered":"\n<p>En el marco de las\niniciativas impulsadas por el Gobierno del Presidente Sebasti\u00e1n Pi\u00f1era, con\nmiras a aumentar los est\u00e1ndares de probidad y trasparencia, el Seremi de Obras\nP\u00fablicas, Pablo Rendoll, anunci\u00f3 la puesta en marcha de un canal de denuncias\nde conductas que atenten contra la integridad y el correcto desempe\u00f1o de la\nfunci\u00f3n p\u00fablica. <\/p>\n\n\n\n<p>Inform\u00f3 Rendoll que siguiendo\nlas recomendaciones nacionales e internacionales&nbsp; en materia de \u00e9tica p\u00fablica,&nbsp; y de manera voluntaria, se lanz\u00f3 la\nplataforma web <a href=\"http:\/\/www.probidadmop.cl\">www.probidadmop.cl<\/a>. <\/p>\n\n\n\n<p>\u201cSi bien desde hace alg\u00fan\ntiempo se viene realizando un trabajo de elaboraci\u00f3n de C\u00f3digos de \u00c9tica en los\ndistintos servicios dependientes del MOP, hemos querido dar un paso m\u00e1s all\u00e1,\nestableciendo un sistema que facilite la gesti\u00f3n de la \u00e9tica e integridad al\ninterior del ministerio\u201d, se\u00f1al\u00f3 el Seremi de Obras P\u00fablicas.<\/p>\n\n\n\n<p>Para implementar\ndicho sistema de integridad, se recogieron las recomendaciones&nbsp; de entidades como la Organizaci\u00f3n de las\nNaciones Unidas (ONU), la Organizaci\u00f3n para la Cooperaci\u00f3n y el Desarrollo\nEcon\u00f3mico (OCDE), y la Alianza para el Gobierno Abierto, entre otros\nlineamientos. <\/p>\n\n\n\n<p>\u201cEsta plataforma es\nuna herramienta que permitir\u00e1 a los m\u00e1s de 9.000 funcionarios del MOP realizar\nsu labor de mejor manera y pondr\u00e1 al Ministerio a la vanguardia en materia de\ntransparencia en el sector p\u00fablico y en un est\u00e1ndar similar a grandes empresas\nnacionales e internacionales\u201d, destac\u00f3 el Ministro Juan Andr\u00e9s Fontaine.<\/p>\n\n\n\n<p>La plataforma permite\nla realizaci\u00f3n de denuncias an\u00f3nimas, sin que exista la necesidad de dejar\ndatos de contacto. Sin embargo el sistema busca que \u00e9stas sean serias y\nfundadas, por lo que se exige ingresar informaci\u00f3n detallada que permita\nindividualizar la conducta contra la probidad, y qui\u00e9nes fueron parte de dicho\nacto.<\/p>\n\n\n\n<p>Las denuncias tendr\u00e1n\nun tratamiento electr\u00f3nico y el seguimiento estar\u00e1 a cargo de un comit\u00e9 de \u00e9tica,\na cargo de un coordinador general de integridad ministerial, quien deber\u00e1 velar\npor el correcto funcionamiento del sistema. Asimismo, en cada uno de los\nservicios del Ministerio habr\u00e1 un coordinador de integridad a cargo del\nsistema.<\/p>\n\n\n\n<p>En caso que los\nhechos denunciados sean de relevancia, podr\u00e1n dar pie a la realizaci\u00f3n de\nsumarios, denuncias al Ministerio P\u00fablico o Contralor\u00eda. <\/p>\n\n\n\n<p>Es importante destacar que la plataforma tambi\u00e9n permitir\u00e1 la denuncia de conductas que puedan constituir acoso laboral y sexual.<\/p>\n\n\n\n<figure class=\"wp-block-image\"><img loading=\"lazy\" decoding=\"async\" width=\"900\" height=\"600\" src=\"https:\/\/www.radiopresidenteibanez.cl\/web\/wp-content\/uploads\/2019\/03\/probidad.jpg\" alt=\"\" class=\"wp-image-2406\" srcset=\"https:\/\/www.radiopresidenteibanez.cl\/web\/wp-content\/uploads\/2019\/03\/probidad.jpg 900w, https:\/\/www.radiopresidenteibanez.cl\/web\/wp-content\/uploads\/2019\/03\/probidad-300x200.jpg 300w, https:\/\/www.radiopresidenteibanez.cl\/web\/wp-content\/uploads\/2019\/03\/probidad-768x512.jpg 768w\" sizes=\"auto, (max-width: 900px) 100vw, 900px\" \/><\/figure>\n","protected":false},"excerpt":{"rendered":"<p>En el marco de las iniciativas impulsadas por el Gobierno del Presidente Sebasti\u00e1n Pi\u00f1era, con miras a aumentar los est\u00e1ndares de probidad y trasparencia, el Seremi de Obras P\u00fablicas, Pablo&#8230; <a class=\"read-more\" href=\"https:\/\/www.radiopresidenteibanez.cl\/web\/lanzan-plataforma-de-integridad-del-mop\/\">Leer m\u00e1s<\/a><\/p>\n","protected":false},"author":2,"featured_media":2406,"comment_status":"closed","ping_status":"closed","sticky":false,"template":"","format":"standard","meta":{"footnotes":""},"categories":[1],"tags":[],"class_list":["post-2405","post","type-post","status-publish","format-standard","has-post-thumbnail","hentry","category-cronica"],"_links":{"self":[{"href":"https:\/\/www.radiopresidenteibanez.cl\/web\/wp-json\/wp\/v2\/posts\/2405","targetHints":{"allow":["GET"]}}],"collection":[{"href":"https:\/\/www.radiopresidenteibanez.cl\/web\/wp-json\/wp\/v2\/posts"}],"about":[{"href":"https:\/\/www.radiopresidenteibanez.cl\/web\/wp-json\/wp\/v2\/types\/post"}],"author":[{"embeddable":true,"href":"https:\/\/www.radiopresidenteibanez.cl\/web\/wp-json\/wp\/v2\/users\/2"}],"replies":[{"embeddable":true,"href":"https:\/\/www.radiopresidenteibanez.cl\/web\/wp-json\/wp\/v2\/comments?post=2405"}],"version-history":[{"count":0,"href":"https:\/\/www.radiopresidenteibanez.cl\/web\/wp-json\/wp\/v2\/posts\/2405\/revisions"}],"wp:featuredmedia":[{"embeddable":true,"href":"https:\/\/www.radiopresidenteibanez.cl\/web\/wp-json\/wp\/v2\/media\/2406"}],"wp:attachment":[{"href":"https:\/\/www.radiopresidenteibanez.cl\/web\/wp-json\/wp\/v2\/media?parent=2405"}],"wp:term":[{"taxonomy":"category","embeddable":true,"href":"https:\/\/www.radiopresidenteibanez.cl\/web\/wp-json\/wp\/v2\/categories?post=2405"},{"taxonomy":"post_tag","embeddable":true,"href":"https:\/\/www.radiopresidenteibanez.cl\/web\/wp-json\/wp\/v2\/tags?post=2405"}],"curies":[{"name":"wp","href":"https:\/\/api.w.org\/{rel}","templated":true}]}}