{"id":24042,"date":"2021-09-17T16:42:00","date_gmt":"2021-09-17T19:42:00","guid":{"rendered":"https:\/\/www.radiopresidenteibanez.cl\/web\/?p=24042"},"modified":"2021-09-17T14:44:51","modified_gmt":"2021-09-17T17:44:51","slug":"seremi-de-la-mujer-llama-a-la-corresponsabilidad-y-espera-no-ocurran-actos-de-violencia-contra-la-mujer","status":"publish","type":"post","link":"https:\/\/www.radiopresidenteibanez.cl\/web\/seremi-de-la-mujer-llama-a-la-corresponsabilidad-y-espera-no-ocurran-actos-de-violencia-contra-la-mujer\/","title":{"rendered":"SEREMI DE LA MUJER LLAMA A LA CORRESPONSABILIDAD Y ESPERA NO OCURRAN ACTOS DE VIOLENCIA CONTRA LA MUJER"},"content":{"rendered":"\n<p>La Seremi de la Mujer y la Equidad de G\u00e9nero de Magallanes\nDaisy Carrera Ocaranza llam\u00f3 a la comunidad a celebrar estas fiestas patrias\ncon corresponsabilidad y estar alerta ante posibles hechos de violencia contra\nlas mujeres.<\/p>\n\n\n\n<p>La autoridad dijo que ante la proximidad de la celebraci\u00f3n\nde esta festividad; y en todo momento; se hace necesario mantener las normas de\nrespeto hacia las mujeres y estar atentos ante cualquier hecho de violencia\ncontra las mujeres.&nbsp; Daisy Carrera dijo\nque \u201cafortunadamente la comunidad ha ido tomando conciencia que la euforia y el\nconsumo de drogas o alcohol no son justificativos para ejercer ning\u00fan tipo de\nviolencia contra la mujer, sea esta en el \u00e1mbito de pareja, familiar o\nlaboral.&nbsp; Las mejores condiciones de\nmovilidad ante la pandemia nos permitir\u00e1n este a\u00f1o celebrar la Fiestas Patrias\ncon m\u00e1s gente reunida, pero debemos ser conscientes de que el respeto y la\ncorresponsabilidad deben mantenerse\u201d.<\/p>\n\n\n\n<p>Daisy Carrera dijo que se mantendr\u00e1n activos los canales de\nayuda como el fono \u2013 chat 1455 y el whatsapp Mujer +569 9700 7000, que es un\nsistema an\u00f3nimo ya que no utiliza nombre ni perfil institucional para evitar\nriesgos de represalia.<\/p>\n\n\n\n<p>La invitaci\u00f3n es tambi\u00e9n a la corresponsabilidad, es decir,\ncompartir las tareas del hogar, cooperando y asumiendo roles en las labores\ndom\u00e9sticas como el cuidado de ni\u00f1os y adultos mayores, la cocina,\nel aseo y todo lo relacionado con el trabajo cotidiano no remunerado.<\/p>\n\n\n\n<p>Las denuncias por violencia contra la mujer deben hacerse\ndirectamente a Carabineros \u2013 Fono Familia 149 y 133; Polic\u00eda de Investigaciones:\n134.<\/p>\n\n\n\n<p>Si eres familiar o parte del entorno cercano a la mujer\nv\u00edctima de violencia, puedes contenerla y acompa\u00f1arla para que se sienta m\u00e1s\nprotegida. Las redes m\u00e1s pr\u00f3ximas pueden transformarse en el apoyo y la\ncontenci\u00f3n necesaria como primer paso para salir del c\u00edrculo de la violencia.<\/p>\n","protected":false},"excerpt":{"rendered":"<p>La Seremi de la Mujer y la Equidad de G\u00e9nero de Magallanes Daisy Carrera Ocaranza llam\u00f3 a la comunidad a celebrar estas fiestas patrias con corresponsabilidad y estar alerta ante&#8230; <a class=\"read-more\" href=\"https:\/\/www.radiopresidenteibanez.cl\/web\/seremi-de-la-mujer-llama-a-la-corresponsabilidad-y-espera-no-ocurran-actos-de-violencia-contra-la-mujer\/\">Leer m\u00e1s<\/a><\/p>\n","protected":false},"author":2,"featured_media":24043,"comment_status":"closed","ping_status":"closed","sticky":false,"template":"","format":"standard","meta":{"footnotes":""},"categories":[1],"tags":[],"class_list":["post-24042","post","type-post","status-publish","format-standard","has-post-thumbnail","hentry","category-cronica"],"_links":{"self":[{"href":"https:\/\/www.radiopresidenteibanez.cl\/web\/wp-json\/wp\/v2\/posts\/24042","targetHints":{"allow":["GET"]}}],"collection":[{"href":"https:\/\/www.radiopresidenteibanez.cl\/web\/wp-json\/wp\/v2\/posts"}],"about":[{"href":"https:\/\/www.radiopresidenteibanez.cl\/web\/wp-json\/wp\/v2\/types\/post"}],"author":[{"embeddable":true,"href":"https:\/\/www.radiopresidenteibanez.cl\/web\/wp-json\/wp\/v2\/users\/2"}],"replies":[{"embeddable":true,"href":"https:\/\/www.radiopresidenteibanez.cl\/web\/wp-json\/wp\/v2\/comments?post=24042"}],"version-history":[{"count":0,"href":"https:\/\/www.radiopresidenteibanez.cl\/web\/wp-json\/wp\/v2\/posts\/24042\/revisions"}],"wp:featuredmedia":[{"embeddable":true,"href":"https:\/\/www.radiopresidenteibanez.cl\/web\/wp-json\/wp\/v2\/media\/24043"}],"wp:attachment":[{"href":"https:\/\/www.radiopresidenteibanez.cl\/web\/wp-json\/wp\/v2\/media?parent=24042"}],"wp:term":[{"taxonomy":"category","embeddable":true,"href":"https:\/\/www.radiopresidenteibanez.cl\/web\/wp-json\/wp\/v2\/categories?post=24042"},{"taxonomy":"post_tag","embeddable":true,"href":"https:\/\/www.radiopresidenteibanez.cl\/web\/wp-json\/wp\/v2\/tags?post=24042"}],"curies":[{"name":"wp","href":"https:\/\/api.w.org\/{rel}","templated":true}]}}