{"id":2399,"date":"2019-03-19T16:46:56","date_gmt":"2019-03-19T16:46:56","guid":{"rendered":"http:\/\/www.radiopresidenteibanez.cl\/web\/?p=2399"},"modified":"2019-03-19T16:47:14","modified_gmt":"2019-03-19T16:47:14","slug":"comunidad-del-jardin-infantil-caperucita-roja-adelanta-conmemoracion-del-dia-mundial-del-agua-con-un-taller-educativo","status":"publish","type":"post","link":"https:\/\/www.radiopresidenteibanez.cl\/web\/comunidad-del-jardin-infantil-caperucita-roja-adelanta-conmemoracion-del-dia-mundial-del-agua-con-un-taller-educativo\/","title":{"rendered":"COMUNIDAD DEL JARD\u00cdN INFANTIL \u201cCAPERUCITA ROJA\u201d ADELANTA CONMEMORACI\u00d3N DEL D\u00cdA MUNDIAL DEL AGUA CON UN TALLER EDUCATIVO"},"content":{"rendered":"\n<p>\u00bfSabe usted que si deja correr el agua mientras se enjabona las manos, se cepilla los dientes o se afeita, desperdicia 10 litros de agua por minuto? \u00bfO que lavando su auto con una manguera consume m\u00e1s de 200 litros en 10 minutos?<\/p>\n\n\n\n<p>Datos tan interesantes y \u00fatiles para no desperdiciar el vital elemento otorg\u00f3 el taller \u201cTu tarea, cuidar el agua\u201d, que dict\u00f3 la educadora Sof\u00eda Pulgar Braun a madres, padres y apoderados del Jard\u00edn Infantil \u201cCaperucita Roja\u201d de Punta Arenas, que cont\u00f3 con la presencia de profesionales de la Superintendencia de Servicios Sanitarios (SISS) de la Regi\u00f3n de Magallanes y de la Ant\u00e1rtica Chilena, el encargado local Alejandro Soto B\u00f3rquez y el fiscalizador Mauricio Oyarzo Vargas.&nbsp;&nbsp;<\/p>\n\n\n\n<p>Se trat\u00f3 de una actividad en el contexto de la conmemoraci\u00f3n del D\u00eda Mundial del Agua, que oficialmente se recuerda el 22 de marzo de 2019, como una forma de reflexionar sobre el cuidado del elemento, pensando que hay ciudades en el mundo que se han quedado sin \u00e9l. De hecho, el concepto a difundir en esta ocasi\u00f3n es \u201cescasez h\u00eddrica\u201d.&nbsp;<\/p>\n\n\n\n<p>Esta es la tercera vez que la SISS se asocia con recintos de la Junta Nacional de Jardines Infantiles (JUNJI) en Magallanes para celebrar esta fecha, ya que en 2015 se hizo con la comunidad educativa del Jard\u00edn \u201cLaguna Azul\u201d y el 2017, con el \u201cJuan Ruiz Mancilla\u201d, ambos de la capital regional.<\/p>\n\n\n\n<p>La apoderada M\u00f3nica Aqueveque Rubilar, que form\u00f3 parte del grupo de 25 personas que asisti\u00f3 al taller, afirm\u00f3 que se trat\u00f3 de una instancia de aprendizaje como familia. \u201cEs de suma importancia tener estos medios para poder aprender sobre el cuidado del agua. Es relevante ense\u00f1ar a todos\u201d, recalc\u00f3 la agradecida madre.&nbsp;<\/p>\n\n\n\n<p>La encargada del taller, Sof\u00eda Pulgar, explic\u00f3 que es la primera vez que se hace una actividad de estas caracter\u00edsticas dirigida a los adultos, ya que siempre el foco en el establecimiento est\u00e1 en las ni\u00f1as y los ni\u00f1os. \u201cQuisimos explicar que con acciones simples se puede cuidar el agua. Los cambios de h\u00e1bitos deben empezar en uno y de ah\u00ed, en las familias\u201d. La joven profesional valor\u00f3 el aporte de la SISS, cuya presencia tambi\u00e9n sirvi\u00f3 para que los vecinos conocieran esta entidad t\u00e9cnica y fiscalizadora, sus objetivos y c\u00f3mo pueden apoyar a las familias cuando hay reclamos ante las empresas sanitarias.<\/p>\n\n\n\n<figure class=\"wp-block-image\"><img loading=\"lazy\" decoding=\"async\" width=\"1024\" height=\"682\" src=\"https:\/\/www.radiopresidenteibanez.cl\/web\/wp-content\/uploads\/2019\/03\/IMG_0669-1024x682.jpg\" alt=\"\" class=\"wp-image-2400\" srcset=\"https:\/\/www.radiopresidenteibanez.cl\/web\/wp-content\/uploads\/2019\/03\/IMG_0669-1024x682.jpg 1024w, https:\/\/www.radiopresidenteibanez.cl\/web\/wp-content\/uploads\/2019\/03\/IMG_0669-300x200.jpg 300w, https:\/\/www.radiopresidenteibanez.cl\/web\/wp-content\/uploads\/2019\/03\/IMG_0669-768x512.jpg 768w, https:\/\/www.radiopresidenteibanez.cl\/web\/wp-content\/uploads\/2019\/03\/IMG_0669.jpg 1556w\" sizes=\"auto, (max-width: 1024px) 100vw, 1024px\" \/><\/figure>\n\n\n\n<p>Finalmente, el ingeniero Alejandro Soto, agradeci\u00f3 la oportunidad de poder educar a los ciudadanos y, sobre todo, a ni\u00f1as y ni\u00f1os, ya que con ellos habr\u00e1 una actividad masiva el d\u00eda 21 de marzo de 2019 en el mismo recinto. \u201cLa idea es informar sobre c\u00f3mo hacer un uso responsable del agua y trabajar por tener recursos sustentables en el tiempo. Para nosotros es importante poder estar en el \u2018Caperucita Roja\u2019, un jard\u00edn con sello medioambiental. Que los ni\u00f1os puedan entender y llevar esto a las familias es un gran logro para la SISS\u201d, concluy\u00f3.\u00a0\u00a0\u00a0<\/p>\n","protected":false},"excerpt":{"rendered":"<p>\u00bfSabe usted que si deja correr el agua mientras se enjabona las manos, se cepilla los dientes o se afeita, desperdicia 10 litros de agua por minuto? \u00bfO que lavando&#8230; <a class=\"read-more\" href=\"https:\/\/www.radiopresidenteibanez.cl\/web\/comunidad-del-jardin-infantil-caperucita-roja-adelanta-conmemoracion-del-dia-mundial-del-agua-con-un-taller-educativo\/\">Leer m\u00e1s<\/a><\/p>\n","protected":false},"author":2,"featured_media":2400,"comment_status":"closed","ping_status":"closed","sticky":false,"template":"","format":"standard","meta":{"footnotes":""},"categories":[1],"tags":[],"class_list":["post-2399","post","type-post","status-publish","format-standard","has-post-thumbnail","hentry","category-cronica"],"_links":{"self":[{"href":"https:\/\/www.radiopresidenteibanez.cl\/web\/wp-json\/wp\/v2\/posts\/2399","targetHints":{"allow":["GET"]}}],"collection":[{"href":"https:\/\/www.radiopresidenteibanez.cl\/web\/wp-json\/wp\/v2\/posts"}],"about":[{"href":"https:\/\/www.radiopresidenteibanez.cl\/web\/wp-json\/wp\/v2\/types\/post"}],"author":[{"embeddable":true,"href":"https:\/\/www.radiopresidenteibanez.cl\/web\/wp-json\/wp\/v2\/users\/2"}],"replies":[{"embeddable":true,"href":"https:\/\/www.radiopresidenteibanez.cl\/web\/wp-json\/wp\/v2\/comments?post=2399"}],"version-history":[{"count":0,"href":"https:\/\/www.radiopresidenteibanez.cl\/web\/wp-json\/wp\/v2\/posts\/2399\/revisions"}],"wp:featuredmedia":[{"embeddable":true,"href":"https:\/\/www.radiopresidenteibanez.cl\/web\/wp-json\/wp\/v2\/media\/2400"}],"wp:attachment":[{"href":"https:\/\/www.radiopresidenteibanez.cl\/web\/wp-json\/wp\/v2\/media?parent=2399"}],"wp:term":[{"taxonomy":"category","embeddable":true,"href":"https:\/\/www.radiopresidenteibanez.cl\/web\/wp-json\/wp\/v2\/categories?post=2399"},{"taxonomy":"post_tag","embeddable":true,"href":"https:\/\/www.radiopresidenteibanez.cl\/web\/wp-json\/wp\/v2\/tags?post=2399"}],"curies":[{"name":"wp","href":"https:\/\/api.w.org\/{rel}","templated":true}]}}