{"id":23987,"date":"2021-09-15T16:11:20","date_gmt":"2021-09-15T19:11:20","guid":{"rendered":"https:\/\/www.radiopresidenteibanez.cl\/web\/?p=23987"},"modified":"2021-09-15T16:11:26","modified_gmt":"2021-09-15T19:11:26","slug":"senador-bianchi-y-recurso-de-distribuidora-electrica-al-tribunal-constitucional-ahora-si-que-el-presidente-pinera-llame-a-sus-amigos-y-familiares-para-pedirles-que-respeten-la-ley-de-no-cort","status":"publish","type":"post","link":"https:\/\/www.radiopresidenteibanez.cl\/web\/senador-bianchi-y-recurso-de-distribuidora-electrica-al-tribunal-constitucional-ahora-si-que-el-presidente-pinera-llame-a-sus-amigos-y-familiares-para-pedirles-que-respeten-la-ley-de-no-cort\/","title":{"rendered":"SENADOR BIANCHI Y RECURSO DE DISTRIBUIDORA EL\u00c9CTRICA AL TRIBUNAL CONSTITUCIONAL: \u201cAHORA SI QUE EL PRESIDENTE PI\u00d1ERA LLAME A SUS AMIGOS Y FAMILIARES PARA PEDIRLES QUE RESPETEN LA LEY DE NO CORTE DE SERVICIOS B\u00c1SICOS\u201d"},"content":{"rendered":"\n<p>De manera firme y contundente el senador de Magallanes y\nautor de la ley que proh\u00edbe el corte de suministros b\u00e1sicos (energ\u00eda, agua y\ngas), Carlos Bianchi, rechaz\u00f3 la intenci\u00f3n de la empresa Enel de recurrir a\nTribunales ordinarios y al Tribunal constitucional, donde pretenden usando una\nrebuscada interpretaci\u00f3n a lo que expresamente dice la ley. Se trata de una Ley\nque se hizo amplia y donde se incorporaron una serie de servicios e\ninstituciones.<\/p>\n\n\n\n<p>Bianchi puntualiz\u00f3 que esta situaci\u00f3n de ir al Tribunal Constitucional\nbajo la premisa de que 40 o 50 deudores no debieran estar beneficiados por la\nley, lo que busca es afectar e intimidar a los millones de usuarios, pero tambi\u00e9n\nlo hace como una suerte de punta de lanza para las otras empresas proveedoras\nde servicios b\u00e1sicos en regiones o de agua y gas, tambi\u00e9n puedan hacerlo.<\/p>\n\n\n\n<p>Aqu\u00ed se han puesto ejemplo solo de Santiago y se desconoce\nla realidad de MiPymes o de personas que por ejemplo tienen inmuebles con alto\nvalor fiscal pero no cuentan con recursos para siquiera pagar estas deudas. Se\nest\u00e1 extremando el argumento de deudores millonarios, sin embargo nada dicen de\nlas utilidades que han tenido por d\u00e9cadas las mismas el\u00e9ctrica y ante lo cual\nhan guardado silencio y en esta pandemia que debieran haber contribuido sin\ntantas resistencia a esta ley de protecci\u00f3n, han mostrado su real y \u00fanica cara<\/p>\n\n\n\n<p>Bianchi record\u00f3 que \u201cEn su oportunidad fue el presidente\nPi\u00f1era el que llam\u00f3 a sus amigos de estas empresas de llegar a un acuerdo, sin\nning\u00fan alcance legal, por eso result\u00f3 tan necesario esta ley de protecci\u00f3n y\ncon estos hechos ha quedado demostrado que las empresas jam\u00e1s van a tener esta\nsensibilidad social.\u201d <\/p>\n\n\n\n<p><em>Agreg\u00f3 que \u201cEs aqu\u00ed, es ahora cuando donde el Presidente\nPi\u00f1era debe llamar a sus amigos o a sus familiares que integran directorios de estas\nempresas como Enel (el presidente del directorio es el primo Presidente,\nHermann Chadwick Pi\u00f1era), para pedirles que respeten la ley y no busquen\nsubterfugios o pretenda encontrar apoyo en sus antojadizas e interesadas\ninterpretaciones.\u201d &nbsp;&nbsp;<\/em><\/p>\n\n\n\n<p>Finalmente Bianchi pidi\u00f3 al ejecutivo actuar con prontitud y\nanticiparse a someter al parlamento una ley que otorgue nuevas y mayores facilidades\nde pago, a las familias que arrastran millonarias deudas en consumos b\u00e1sicos,\npor cuanto de no ocurrir ello suceder\u00e1 otra nueva cat\u00e1strofe econom\u00eda social, <em>\u201cHoy\nlas personas con bajos ingresos viendo que est\u00e1n protegidas por la ley que\nproh\u00edbe el corte de suministros b\u00e1sicos, han optado por otras necesidades\nvitales como la alimentaci\u00f3n, medicamentos y vestuario por ejemplo, esa es una\nrealidad de la cual el Gobierno no debe seguir neg\u00e1ndola\u201d<\/em><\/p>\n","protected":false},"excerpt":{"rendered":"<p>De manera firme y contundente el senador de Magallanes y autor de la ley que proh\u00edbe el corte de suministros b\u00e1sicos (energ\u00eda, agua y gas), Carlos Bianchi, rechaz\u00f3 la intenci\u00f3n&#8230; <a class=\"read-more\" href=\"https:\/\/www.radiopresidenteibanez.cl\/web\/senador-bianchi-y-recurso-de-distribuidora-electrica-al-tribunal-constitucional-ahora-si-que-el-presidente-pinera-llame-a-sus-amigos-y-familiares-para-pedirles-que-respeten-la-ley-de-no-cort\/\">Leer m\u00e1s<\/a><\/p>\n","protected":false},"author":2,"featured_media":23988,"comment_status":"closed","ping_status":"closed","sticky":false,"template":"","format":"standard","meta":{"footnotes":""},"categories":[1],"tags":[],"class_list":["post-23987","post","type-post","status-publish","format-standard","has-post-thumbnail","hentry","category-cronica"],"_links":{"self":[{"href":"https:\/\/www.radiopresidenteibanez.cl\/web\/wp-json\/wp\/v2\/posts\/23987","targetHints":{"allow":["GET"]}}],"collection":[{"href":"https:\/\/www.radiopresidenteibanez.cl\/web\/wp-json\/wp\/v2\/posts"}],"about":[{"href":"https:\/\/www.radiopresidenteibanez.cl\/web\/wp-json\/wp\/v2\/types\/post"}],"author":[{"embeddable":true,"href":"https:\/\/www.radiopresidenteibanez.cl\/web\/wp-json\/wp\/v2\/users\/2"}],"replies":[{"embeddable":true,"href":"https:\/\/www.radiopresidenteibanez.cl\/web\/wp-json\/wp\/v2\/comments?post=23987"}],"version-history":[{"count":0,"href":"https:\/\/www.radiopresidenteibanez.cl\/web\/wp-json\/wp\/v2\/posts\/23987\/revisions"}],"wp:featuredmedia":[{"embeddable":true,"href":"https:\/\/www.radiopresidenteibanez.cl\/web\/wp-json\/wp\/v2\/media\/23988"}],"wp:attachment":[{"href":"https:\/\/www.radiopresidenteibanez.cl\/web\/wp-json\/wp\/v2\/media?parent=23987"}],"wp:term":[{"taxonomy":"category","embeddable":true,"href":"https:\/\/www.radiopresidenteibanez.cl\/web\/wp-json\/wp\/v2\/categories?post=23987"},{"taxonomy":"post_tag","embeddable":true,"href":"https:\/\/www.radiopresidenteibanez.cl\/web\/wp-json\/wp\/v2\/tags?post=23987"}],"curies":[{"name":"wp","href":"https:\/\/api.w.org\/{rel}","templated":true}]}}