{"id":2396,"date":"2019-03-19T16:27:56","date_gmt":"2019-03-19T16:27:56","guid":{"rendered":"http:\/\/www.radiopresidenteibanez.cl\/web\/?p=2396"},"modified":"2019-03-19T16:28:34","modified_gmt":"2019-03-19T16:28:34","slug":"treinta-por-ciento-de-avance-tiene-la-obra-de-la-nueva-costanera-de-puerto-natales","status":"publish","type":"post","link":"https:\/\/www.radiopresidenteibanez.cl\/web\/treinta-por-ciento-de-avance-tiene-la-obra-de-la-nueva-costanera-de-puerto-natales\/","title":{"rendered":"TREINTA POR CIENTO DE AVANCE TIENE LA OBRA DE LA NUEVA COSTANERA DE PUERTO NATALES"},"content":{"rendered":"\n<p>Tras asumir\nrecientemente como director regional del Serviu Magallanes, Dubalio P\u00e9rez\nrealiz\u00f3 su primera visita oficial a la ciudad de Puerto Natales, donde se\nreuni\u00f3 con la gobernadora provincial Ana Mayorga y el alcalde de la comuna\nFernando Paredes. El principal objetivo del encuentro fue presentarse y\ncolocarse a disposici\u00f3n para trabajar en conjunto sobre los principales ejes de\nprioridad que tiene la provincia de \u00daltima Esperanza, entre las que se\ndestacaron los temas habitacionales dentro de la comuna de Natales.<\/p>\n\n\n\n<p>Posteriormente\nlas autoridades se trasladaron al sector norte de la costanera de Natales, all\u00ed\npudieron apreciar el importante grado de avance que lleva la obra de\nmejoramiento y reposici\u00f3n del sector. Al respecto el director regional se\u00f1al\u00f3 que\nla iniciativa tiene un avance del 30% con una inversi\u00f3n del Ministerio cercano\na los mil 100 millones de pesos; \u201cHemos conversado con nuestras autoridades\npara colocarnos de acuerdo y poder trabajar en la b\u00fasqueda de recursos para las\nsiguientes etapas, es un proyecto muy ambicioso y se lo presentaremos al\nIntendente para buscar los recursos a trav\u00e9s del Gobierno Regional\u201d.<\/p>\n\n\n\n<p>En tanto, la\ngobernadora Ana Mayorga indic\u00f3 que este proyecto es una obra muy emblem\u00e1tica y\nrequerida por la comunidad, adem\u00e1s destac\u00f3 que est\u00e1 inserto dentro del plan\nestrat\u00e9gico de la provincia y se requiere continuar potenciando; \u201cHoy estamos\nverificando en terreno el importante grado de avance que tiene esta obra, pero\ntambi\u00e9n ha sido una instancia para poder conversar con el nuevo director para\nver las prioridades que tiene la provincia para poder impulsar el desarrollo no\ntan solo de hermoseamiento, sino que tambi\u00e9n en los aspectos sociales\u201d.<\/p>\n\n\n\n<p>El alcalde Fernando Paredes valor\u00f3 la visita y el encuentro con el nuevo director regional del Serviu, indicando que es un socio estrat\u00e9gico para poder trabajar por el desarrollo no tan solo de la comuna sino de la provincia; \u201cHay muchas obras que vamos a tener que trabajar en conjunto, como son los pavimentos participativos, los proyectos de viviendas y otros tantos temas, hay un compromiso del Gobierno del Presidente Pi\u00f1era de poner especial \u00e9nfasis en las obras de Natales, como se hizo en el primer Gobierno\u201d. A\u00f1adi\u00f3 finalmente el edil que \u00e9sta emblem\u00e1tica obra es una de las prioridades para el gobierno, por lo que continuar\u00e1n trabajando para concretar la continuaci\u00f3n del mejoramiento de la obra que se emplaza hasta la rotonda de la ciudad.<\/p>\n\n\n\n<figure class=\"wp-block-image\"><img loading=\"lazy\" decoding=\"async\" width=\"900\" height=\"675\" src=\"https:\/\/www.radiopresidenteibanez.cl\/web\/wp-content\/uploads\/2019\/03\/IMG_7999.jpg\" alt=\"\" class=\"wp-image-2397\" srcset=\"https:\/\/www.radiopresidenteibanez.cl\/web\/wp-content\/uploads\/2019\/03\/IMG_7999.jpg 900w, https:\/\/www.radiopresidenteibanez.cl\/web\/wp-content\/uploads\/2019\/03\/IMG_7999-300x225.jpg 300w, https:\/\/www.radiopresidenteibanez.cl\/web\/wp-content\/uploads\/2019\/03\/IMG_7999-768x576.jpg 768w\" sizes=\"auto, (max-width: 900px) 100vw, 900px\" \/><\/figure>\n","protected":false},"excerpt":{"rendered":"<p>Tras asumir recientemente como director regional del Serviu Magallanes, Dubalio P\u00e9rez realiz\u00f3 su primera visita oficial a la ciudad de Puerto Natales, donde se reuni\u00f3 con la gobernadora provincial Ana&#8230; <a class=\"read-more\" href=\"https:\/\/www.radiopresidenteibanez.cl\/web\/treinta-por-ciento-de-avance-tiene-la-obra-de-la-nueva-costanera-de-puerto-natales\/\">Leer m\u00e1s<\/a><\/p>\n","protected":false},"author":2,"featured_media":2397,"comment_status":"closed","ping_status":"closed","sticky":false,"template":"","format":"standard","meta":{"footnotes":""},"categories":[1],"tags":[],"class_list":["post-2396","post","type-post","status-publish","format-standard","has-post-thumbnail","hentry","category-cronica"],"_links":{"self":[{"href":"https:\/\/www.radiopresidenteibanez.cl\/web\/wp-json\/wp\/v2\/posts\/2396","targetHints":{"allow":["GET"]}}],"collection":[{"href":"https:\/\/www.radiopresidenteibanez.cl\/web\/wp-json\/wp\/v2\/posts"}],"about":[{"href":"https:\/\/www.radiopresidenteibanez.cl\/web\/wp-json\/wp\/v2\/types\/post"}],"author":[{"embeddable":true,"href":"https:\/\/www.radiopresidenteibanez.cl\/web\/wp-json\/wp\/v2\/users\/2"}],"replies":[{"embeddable":true,"href":"https:\/\/www.radiopresidenteibanez.cl\/web\/wp-json\/wp\/v2\/comments?post=2396"}],"version-history":[{"count":0,"href":"https:\/\/www.radiopresidenteibanez.cl\/web\/wp-json\/wp\/v2\/posts\/2396\/revisions"}],"wp:featuredmedia":[{"embeddable":true,"href":"https:\/\/www.radiopresidenteibanez.cl\/web\/wp-json\/wp\/v2\/media\/2397"}],"wp:attachment":[{"href":"https:\/\/www.radiopresidenteibanez.cl\/web\/wp-json\/wp\/v2\/media?parent=2396"}],"wp:term":[{"taxonomy":"category","embeddable":true,"href":"https:\/\/www.radiopresidenteibanez.cl\/web\/wp-json\/wp\/v2\/categories?post=2396"},{"taxonomy":"post_tag","embeddable":true,"href":"https:\/\/www.radiopresidenteibanez.cl\/web\/wp-json\/wp\/v2\/tags?post=2396"}],"curies":[{"name":"wp","href":"https:\/\/api.w.org\/{rel}","templated":true}]}}