{"id":2392,"date":"2019-03-19T14:39:45","date_gmt":"2019-03-19T14:39:45","guid":{"rendered":"http:\/\/www.radiopresidenteibanez.cl\/web\/?p=2392"},"modified":"2019-03-19T14:39:59","modified_gmt":"2019-03-19T14:39:59","slug":"feliz-dia-del-trabajador-de-la-construccion","status":"publish","type":"post","link":"https:\/\/www.radiopresidenteibanez.cl\/web\/feliz-dia-del-trabajador-de-la-construccion\/","title":{"rendered":"\u00a1FELIZ D\u00cdA DEL TRABAJADOR DE LA CONSTRUCCI\u00d3N!"},"content":{"rendered":"\n<p>Por una publicaci\u00f3n realizada en\nel Diario Oficial la Ley N\u00b0 21.048 del Ministerio del Interior, que establece\noficialmente este 19 de marzo como el \u201cD\u00eda del Maestro Obrero Constructor\u201d, este\na\u00f1o en Magallanes se realizar\u00e1 una actividad conmemorativa en la ciudad m\u00e1s\naustral del mundo, Puerto Williams, que est\u00e1 realizando la C\u00e1mara Chilena de la\nConstrucci\u00f3n en donde participar\u00e1n cerca de 250 personas.<\/p>\n\n\n\n<p>Radio Presidente Ib\u00e1\u00f1ez, saluda a todas y todos los trabajadores del \u00e1rea de la construcci\u00f3n, que trabajan para que nuestro pa\u00eds siga avanzando.<\/p>\n\n\n\n<figure class=\"wp-block-image\"><img loading=\"lazy\" decoding=\"async\" width=\"905\" height=\"510\" src=\"https:\/\/www.radiopresidenteibanez.cl\/web\/wp-content\/uploads\/2019\/03\/54515001_2667576343258423_1065833904444801024_n.jpg\" alt=\"\" class=\"wp-image-2393\" srcset=\"https:\/\/www.radiopresidenteibanez.cl\/web\/wp-content\/uploads\/2019\/03\/54515001_2667576343258423_1065833904444801024_n.jpg 905w, https:\/\/www.radiopresidenteibanez.cl\/web\/wp-content\/uploads\/2019\/03\/54515001_2667576343258423_1065833904444801024_n-300x169.jpg 300w, https:\/\/www.radiopresidenteibanez.cl\/web\/wp-content\/uploads\/2019\/03\/54515001_2667576343258423_1065833904444801024_n-768x433.jpg 768w\" sizes=\"auto, (max-width: 905px) 100vw, 905px\" \/><\/figure>\n","protected":false},"excerpt":{"rendered":"<p>Por una publicaci\u00f3n realizada en el Diario Oficial la Ley N\u00b0 21.048 del Ministerio del Interior, que establece oficialmente este 19 de marzo como el \u201cD\u00eda del Maestro Obrero Constructor\u201d,&#8230; <a class=\"read-more\" href=\"https:\/\/www.radiopresidenteibanez.cl\/web\/feliz-dia-del-trabajador-de-la-construccion\/\">Leer m\u00e1s<\/a><\/p>\n","protected":false},"author":2,"featured_media":2393,"comment_status":"closed","ping_status":"closed","sticky":false,"template":"","format":"standard","meta":{"footnotes":""},"categories":[1],"tags":[],"class_list":["post-2392","post","type-post","status-publish","format-standard","has-post-thumbnail","hentry","category-cronica"],"_links":{"self":[{"href":"https:\/\/www.radiopresidenteibanez.cl\/web\/wp-json\/wp\/v2\/posts\/2392","targetHints":{"allow":["GET"]}}],"collection":[{"href":"https:\/\/www.radiopresidenteibanez.cl\/web\/wp-json\/wp\/v2\/posts"}],"about":[{"href":"https:\/\/www.radiopresidenteibanez.cl\/web\/wp-json\/wp\/v2\/types\/post"}],"author":[{"embeddable":true,"href":"https:\/\/www.radiopresidenteibanez.cl\/web\/wp-json\/wp\/v2\/users\/2"}],"replies":[{"embeddable":true,"href":"https:\/\/www.radiopresidenteibanez.cl\/web\/wp-json\/wp\/v2\/comments?post=2392"}],"version-history":[{"count":0,"href":"https:\/\/www.radiopresidenteibanez.cl\/web\/wp-json\/wp\/v2\/posts\/2392\/revisions"}],"wp:featuredmedia":[{"embeddable":true,"href":"https:\/\/www.radiopresidenteibanez.cl\/web\/wp-json\/wp\/v2\/media\/2393"}],"wp:attachment":[{"href":"https:\/\/www.radiopresidenteibanez.cl\/web\/wp-json\/wp\/v2\/media?parent=2392"}],"wp:term":[{"taxonomy":"category","embeddable":true,"href":"https:\/\/www.radiopresidenteibanez.cl\/web\/wp-json\/wp\/v2\/categories?post=2392"},{"taxonomy":"post_tag","embeddable":true,"href":"https:\/\/www.radiopresidenteibanez.cl\/web\/wp-json\/wp\/v2\/tags?post=2392"}],"curies":[{"name":"wp","href":"https:\/\/api.w.org\/{rel}","templated":true}]}}