{"id":23880,"date":"2021-09-11T14:30:00","date_gmt":"2021-09-11T17:30:00","guid":{"rendered":"https:\/\/www.radiopresidenteibanez.cl\/web\/?p=23880"},"modified":"2021-09-11T11:20:04","modified_gmt":"2021-09-11T14:20:04","slug":"la-historia-es-nuestra","status":"publish","type":"post","link":"https:\/\/www.radiopresidenteibanez.cl\/web\/la-historia-es-nuestra\/","title":{"rendered":"LA HISTORIA ES NUESTRA"},"content":{"rendered":"\n<p>\u201cY les digo que tengo la certeza\nde que la semilla que hemos entregado a la conciencia digna de miles y miles de\nchilenos, no podr\u00e1 ser segada definitivamente. Tienen la fuerza, podr\u00e1n\navasallarnos, pero no se detienen los procesos sociales ni con el crimen ni con\nla fuerza. La historia es nuestra y la hacen los pueblos.\u201d Salvador Allende\nGossens<\/p>\n\n\n\n<p>Honrar la memoria de quienes fueron\nperseguidas\/os, torturadas\/os, desaparecidas\/os, implica hoy m\u00e1s que nunca&nbsp; asumir compromiso, de construir las\ncondiciones constitucionales y legislativas, para lograr establecer verdad,\naplicar justicia, generar reparaci\u00f3n y brindar garant\u00edas de no repetici\u00f3n.<\/p>\n\n\n\n<p>La exigencia de fin a los pactos\nde silencio y el t\u00e9rmino de los privilegios de los que gozan, quienes han sido\ntard\u00edamente juzgados y sentenciados, resultan un imperativo \u00e9tico, que no puede\narchivarse en el olvido de una transici\u00f3n pactada.<\/p>\n\n\n\n<p>A 48 a\u00f1os del golpe de&nbsp; estado contra el pueblo y su gobierno,\nSalvador Allende -pese a quien le pese- contin\u00faa siendo la inspiraci\u00f3n de\ntantos&nbsp; y tantas, que amamos la vida, la\nlibertad y la justicia, \u00e9l&nbsp; vive en cada\nesquina liberada del odio y del olvido.<\/p>\n\n\n\n<p>Se abrir\u00e1n las grandes alamedas\npresidente, se abrir\u00e1n y ser\u00e1s el primero en saberlo, pues vives en el coraz\u00f3n\ndel pueblo digno, que a\u00fan escucha el metal tranquilo de tu voz.<\/p>\n\n\n\n<p>Doris Sandoval\nMiranda<\/p>\n","protected":false},"excerpt":{"rendered":"<p>\u201cY les digo que tengo la certeza de que la semilla que hemos entregado a la conciencia digna de miles y miles de chilenos, no podr\u00e1 ser segada definitivamente. Tienen&#8230; <a class=\"read-more\" href=\"https:\/\/www.radiopresidenteibanez.cl\/web\/la-historia-es-nuestra\/\">Leer m\u00e1s<\/a><\/p>\n","protected":false},"author":2,"featured_media":23881,"comment_status":"closed","ping_status":"closed","sticky":false,"template":"","format":"standard","meta":{"footnotes":""},"categories":[1],"tags":[],"class_list":["post-23880","post","type-post","status-publish","format-standard","has-post-thumbnail","hentry","category-cronica"],"_links":{"self":[{"href":"https:\/\/www.radiopresidenteibanez.cl\/web\/wp-json\/wp\/v2\/posts\/23880","targetHints":{"allow":["GET"]}}],"collection":[{"href":"https:\/\/www.radiopresidenteibanez.cl\/web\/wp-json\/wp\/v2\/posts"}],"about":[{"href":"https:\/\/www.radiopresidenteibanez.cl\/web\/wp-json\/wp\/v2\/types\/post"}],"author":[{"embeddable":true,"href":"https:\/\/www.radiopresidenteibanez.cl\/web\/wp-json\/wp\/v2\/users\/2"}],"replies":[{"embeddable":true,"href":"https:\/\/www.radiopresidenteibanez.cl\/web\/wp-json\/wp\/v2\/comments?post=23880"}],"version-history":[{"count":0,"href":"https:\/\/www.radiopresidenteibanez.cl\/web\/wp-json\/wp\/v2\/posts\/23880\/revisions"}],"wp:featuredmedia":[{"embeddable":true,"href":"https:\/\/www.radiopresidenteibanez.cl\/web\/wp-json\/wp\/v2\/media\/23881"}],"wp:attachment":[{"href":"https:\/\/www.radiopresidenteibanez.cl\/web\/wp-json\/wp\/v2\/media?parent=23880"}],"wp:term":[{"taxonomy":"category","embeddable":true,"href":"https:\/\/www.radiopresidenteibanez.cl\/web\/wp-json\/wp\/v2\/categories?post=23880"},{"taxonomy":"post_tag","embeddable":true,"href":"https:\/\/www.radiopresidenteibanez.cl\/web\/wp-json\/wp\/v2\/tags?post=23880"}],"curies":[{"name":"wp","href":"https:\/\/api.w.org\/{rel}","templated":true}]}}