{"id":2387,"date":"2019-03-19T14:00:48","date_gmt":"2019-03-19T14:00:48","guid":{"rendered":"http:\/\/www.radiopresidenteibanez.cl\/web\/?p=2387"},"modified":"2019-03-19T14:01:02","modified_gmt":"2019-03-19T14:01:02","slug":"dirigentes-sociales-de-porvenir-participaron-en-el-lanzamiento-de-fondo-de-fortalecimiento-de-organizaciones-de-interes-publico","status":"publish","type":"post","link":"https:\/\/www.radiopresidenteibanez.cl\/web\/dirigentes-sociales-de-porvenir-participaron-en-el-lanzamiento-de-fondo-de-fortalecimiento-de-organizaciones-de-interes-publico\/","title":{"rendered":"DIRIGENTES SOCIALES DE PORVENIR PARTICIPARON EN EL LANZAMIENTO DE FONDO DE FORTALECIMIENTO DE ORGANIZACIONES DE INTER\u00c9S P\u00daBLICO"},"content":{"rendered":"\n<p>Dirigentes sociales de Porvenir participaron el jueves\n14 de marzo en el lanzamiento del Fondo de Fortalecimiento de Organizaciones de\nInter\u00e9s P\u00fablico 2019 (FFOIP), donde se expusieron las bases t\u00e9cnicas y\nadministrativas del FFOIP, que para este a\u00f1o considera $49.789.920 para la\nregi\u00f3n.<\/p>\n\n\n\n<p>La seremi de Gobierno, Alejandra Mu\u00f1oz, destac\u00f3 el\ninter\u00e9s de los dirigentes por conocer m\u00e1s sobre este Fondo Concursable, puesto\nque el a\u00f1o pasado ninguna organizaci\u00f3n de la provincia de Tierra del Fuego\npresent\u00f3 proyectos.<\/p>\n\n\n\n<p>\u201cLa invitaci\u00f3n es a que las organizaciones de inter\u00e9s\np\u00fablico inscritas de la provincia de Tierra del Fuego tambi\u00e9n se motiven y\npresenten iniciativas, ya sea locales, regionales o nacionales\u201d, se\u00f1al\u00f3 la\nseremi Mu\u00f1oz.<\/p>\n\n\n\n<p>En tanto, la dirigente de la Agrupaci\u00f3n de Jubilados\nCarlos Baigorri dijo que \u201cla capacitaci\u00f3n fue importante, porque nos entregaron\nel m\u00e1ximo de informaci\u00f3n. Ahora analizaremos con las bases qu\u00e9 proyecto\npostulamos\u201d.<\/p>\n\n\n\n<p>El pastor de la primera Iglesia Bautista de Porvenir,\nSadoc Ramirez, comento que \u201csiempre es importante aprovechar estas instancias\nque el Gobierno est\u00e1 entregando para conocer m\u00e1s sobre los Fondos que tienen a\ndisposici\u00f3n de las organizaciones sociales\u201d.<\/p>\n\n\n\n<p>Finalmente, la gobernadora Margarita Norambuena\nmanifesto que \u201cestos Fondos indudablemente ayudan a fortalecer el trabajo de\nlas organizaciones y como gobernaci\u00f3n nos ponemos a disposici\u00f3n de los\ndirigentes para apoyarlos en este proceso\u201d.<\/p>\n\n\n\n<p>Los proyectos deben estar orientados a: fortalecimento\nde organizaciones de inter\u00e9s p\u00fablico; fortalecimiento a la comunidad; y\nfortalecimiento a la seguridad y\/o educaci\u00f3n vial.<\/p>\n\n\n\n<p>Las postulaciones a este Fondo ya se encuentran abiertas y se extender\u00e1n hasta el 5 de abril (para quienes lo hagan por escrito), y hasta el 12 de abril en www.fondos.gob.cl. <\/p>\n\n\n\n<figure class=\"wp-block-image\"><img loading=\"lazy\" decoding=\"async\" width=\"1024\" height=\"683\" src=\"https:\/\/www.radiopresidenteibanez.cl\/web\/wp-content\/uploads\/2019\/03\/IMG_9887-1024x683.jpg\" alt=\"\" class=\"wp-image-2388\" srcset=\"https:\/\/www.radiopresidenteibanez.cl\/web\/wp-content\/uploads\/2019\/03\/IMG_9887.jpg 1024w, https:\/\/www.radiopresidenteibanez.cl\/web\/wp-content\/uploads\/2019\/03\/IMG_9887-300x200.jpg 300w, https:\/\/www.radiopresidenteibanez.cl\/web\/wp-content\/uploads\/2019\/03\/IMG_9887-768x512.jpg 768w\" sizes=\"auto, (max-width: 1024px) 100vw, 1024px\" \/><\/figure>\n","protected":false},"excerpt":{"rendered":"<p>Dirigentes sociales de Porvenir participaron el jueves 14 de marzo en el lanzamiento del Fondo de Fortalecimiento de Organizaciones de Inter\u00e9s P\u00fablico 2019 (FFOIP), donde se expusieron las bases t\u00e9cnicas&#8230; <a class=\"read-more\" href=\"https:\/\/www.radiopresidenteibanez.cl\/web\/dirigentes-sociales-de-porvenir-participaron-en-el-lanzamiento-de-fondo-de-fortalecimiento-de-organizaciones-de-interes-publico\/\">Leer m\u00e1s<\/a><\/p>\n","protected":false},"author":2,"featured_media":2388,"comment_status":"closed","ping_status":"closed","sticky":false,"template":"","format":"standard","meta":{"footnotes":""},"categories":[1],"tags":[],"class_list":["post-2387","post","type-post","status-publish","format-standard","has-post-thumbnail","hentry","category-cronica"],"_links":{"self":[{"href":"https:\/\/www.radiopresidenteibanez.cl\/web\/wp-json\/wp\/v2\/posts\/2387","targetHints":{"allow":["GET"]}}],"collection":[{"href":"https:\/\/www.radiopresidenteibanez.cl\/web\/wp-json\/wp\/v2\/posts"}],"about":[{"href":"https:\/\/www.radiopresidenteibanez.cl\/web\/wp-json\/wp\/v2\/types\/post"}],"author":[{"embeddable":true,"href":"https:\/\/www.radiopresidenteibanez.cl\/web\/wp-json\/wp\/v2\/users\/2"}],"replies":[{"embeddable":true,"href":"https:\/\/www.radiopresidenteibanez.cl\/web\/wp-json\/wp\/v2\/comments?post=2387"}],"version-history":[{"count":0,"href":"https:\/\/www.radiopresidenteibanez.cl\/web\/wp-json\/wp\/v2\/posts\/2387\/revisions"}],"wp:featuredmedia":[{"embeddable":true,"href":"https:\/\/www.radiopresidenteibanez.cl\/web\/wp-json\/wp\/v2\/media\/2388"}],"wp:attachment":[{"href":"https:\/\/www.radiopresidenteibanez.cl\/web\/wp-json\/wp\/v2\/media?parent=2387"}],"wp:term":[{"taxonomy":"category","embeddable":true,"href":"https:\/\/www.radiopresidenteibanez.cl\/web\/wp-json\/wp\/v2\/categories?post=2387"},{"taxonomy":"post_tag","embeddable":true,"href":"https:\/\/www.radiopresidenteibanez.cl\/web\/wp-json\/wp\/v2\/tags?post=2387"}],"curies":[{"name":"wp","href":"https:\/\/api.w.org\/{rel}","templated":true}]}}