{"id":2384,"date":"2019-03-19T13:52:54","date_gmt":"2019-03-19T13:52:54","guid":{"rendered":"http:\/\/www.radiopresidenteibanez.cl\/web\/?p=2384"},"modified":"2019-03-19T13:53:37","modified_gmt":"2019-03-19T13:53:37","slug":"seremi-de-mineria-destaco-el-trabajo-y-la-experiencia-de-los-integrantes-del-centro-de-mineros-rio-turbio","status":"publish","type":"post","link":"https:\/\/www.radiopresidenteibanez.cl\/web\/seremi-de-mineria-destaco-el-trabajo-y-la-experiencia-de-los-integrantes-del-centro-de-mineros-rio-turbio\/","title":{"rendered":"SEREMI DE MINER\u00cdA DESTAC\u00d3 EL TRABAJO Y LA EXPERIENCIA DE LOS INTEGRANTES DEL CENTRO DE MINEROS \u201cR\u00cdO TURBIO\u201d"},"content":{"rendered":"\n<p>Hasta la comuna de Puerto Natales se traslad\u00f3 el seremi de Miner\u00eda de Magallanes, Carlos Quezada, para sostener un encuentro con los integrantes del Centro de Mineros \u201cR\u00edo Turbio\u201d, quienes tuvieron la oportunidad de dar a conocer el trabajo que desarrollaron en la mina de carb\u00f3n de la localidad del vecino pa\u00eds.<\/p>\n\n\n\n<p>Del encuentro particip\u00f3 la gobernadora de la provincia de \u00daltima Esperanza, Ana Mayorga, quien dirigi\u00f3 un saludo a los asistentes. Adem\u00e1s participaron el presidente del Centro de Mineros, Jos\u00e9 Oyarzo, y los asociados. Por su parte, la autoridad regional realiz\u00f3 una presentaci\u00f3n sobre la miner\u00eda regional y las diversas pol\u00edticas p\u00fablicas que impulsa en la Regi\u00f3n el gobierno del Presidente Sebasti\u00e1n Pi\u00f1era.<\/p>\n\n\n\n<p>En este contexto, el seremi Quezada valor\u00f3 la realizaci\u00f3n de este encuentro minero se\u00f1alando que, \u201cpara m\u00ed fue muy grato y enriquecedor este contacto con los mineros, que tanto contribuyeron al desarrollo de Puerto Natales, y\u00a0<a>conocer sobre sus experiencias de toda una vida de trabajo en la miner\u00eda del carb\u00f3n,\u00a0<\/a>lo cual me motiva a mantener este contacto para conversar sobre temas de inter\u00e9s minero, aclarar sus consultas y tomar conocimiento de los temas que les preocupan\u201d.<\/p>\n\n\n\n<figure class=\"wp-block-image\"><img loading=\"lazy\" decoding=\"async\" width=\"900\" height=\"600\" src=\"https:\/\/www.radiopresidenteibanez.cl\/web\/wp-content\/uploads\/2019\/03\/Centro-de-Mineros-R\u00edo-Turbio-2.jpg\" alt=\"\" class=\"wp-image-2385\" srcset=\"https:\/\/www.radiopresidenteibanez.cl\/web\/wp-content\/uploads\/2019\/03\/Centro-de-Mineros-R\u00edo-Turbio-2.jpg 900w, https:\/\/www.radiopresidenteibanez.cl\/web\/wp-content\/uploads\/2019\/03\/Centro-de-Mineros-R\u00edo-Turbio-2-300x200.jpg 300w, https:\/\/www.radiopresidenteibanez.cl\/web\/wp-content\/uploads\/2019\/03\/Centro-de-Mineros-R\u00edo-Turbio-2-768x512.jpg 768w\" sizes=\"auto, (max-width: 900px) 100vw, 900px\" \/><\/figure>\n","protected":false},"excerpt":{"rendered":"<p>Hasta la comuna de Puerto Natales se traslad\u00f3 el seremi de Miner\u00eda de Magallanes, Carlos Quezada, para sostener un encuentro con los integrantes del Centro de Mineros \u201cR\u00edo Turbio\u201d, quienes&#8230; <a class=\"read-more\" href=\"https:\/\/www.radiopresidenteibanez.cl\/web\/seremi-de-mineria-destaco-el-trabajo-y-la-experiencia-de-los-integrantes-del-centro-de-mineros-rio-turbio\/\">Leer m\u00e1s<\/a><\/p>\n","protected":false},"author":2,"featured_media":2385,"comment_status":"closed","ping_status":"closed","sticky":false,"template":"","format":"standard","meta":{"footnotes":""},"categories":[1],"tags":[],"class_list":["post-2384","post","type-post","status-publish","format-standard","has-post-thumbnail","hentry","category-cronica"],"_links":{"self":[{"href":"https:\/\/www.radiopresidenteibanez.cl\/web\/wp-json\/wp\/v2\/posts\/2384","targetHints":{"allow":["GET"]}}],"collection":[{"href":"https:\/\/www.radiopresidenteibanez.cl\/web\/wp-json\/wp\/v2\/posts"}],"about":[{"href":"https:\/\/www.radiopresidenteibanez.cl\/web\/wp-json\/wp\/v2\/types\/post"}],"author":[{"embeddable":true,"href":"https:\/\/www.radiopresidenteibanez.cl\/web\/wp-json\/wp\/v2\/users\/2"}],"replies":[{"embeddable":true,"href":"https:\/\/www.radiopresidenteibanez.cl\/web\/wp-json\/wp\/v2\/comments?post=2384"}],"version-history":[{"count":0,"href":"https:\/\/www.radiopresidenteibanez.cl\/web\/wp-json\/wp\/v2\/posts\/2384\/revisions"}],"wp:featuredmedia":[{"embeddable":true,"href":"https:\/\/www.radiopresidenteibanez.cl\/web\/wp-json\/wp\/v2\/media\/2385"}],"wp:attachment":[{"href":"https:\/\/www.radiopresidenteibanez.cl\/web\/wp-json\/wp\/v2\/media?parent=2384"}],"wp:term":[{"taxonomy":"category","embeddable":true,"href":"https:\/\/www.radiopresidenteibanez.cl\/web\/wp-json\/wp\/v2\/categories?post=2384"},{"taxonomy":"post_tag","embeddable":true,"href":"https:\/\/www.radiopresidenteibanez.cl\/web\/wp-json\/wp\/v2\/tags?post=2384"}],"curies":[{"name":"wp","href":"https:\/\/api.w.org\/{rel}","templated":true}]}}