{"id":23836,"date":"2021-09-09T20:05:00","date_gmt":"2021-09-09T23:05:00","guid":{"rendered":"https:\/\/www.radiopresidenteibanez.cl\/web\/?p=23836"},"modified":"2021-09-09T16:50:56","modified_gmt":"2021-09-09T19:50:56","slug":"los-jaivas-en-vivo-en-especial-de-radio-presidente-ibanez","status":"publish","type":"post","link":"https:\/\/www.radiopresidenteibanez.cl\/web\/los-jaivas-en-vivo-en-especial-de-radio-presidente-ibanez\/","title":{"rendered":"LOS JAIVAS EN VIVO EN ESPECIAL DE RADIO PRESIDENTE IB\u00c1\u00d1EZ"},"content":{"rendered":"\n<p> Este viernes 20 hrs. el programa \u00abEl \u00faltimo tren a casa\u00bb\u00a0 que produce el Colectivo Aczi\u00f3n Kultural\u00a0 y\u00a0 que conduce Pedro Guichapany en radio Presidente Ib\u00e1\u00f1ez presenta una edici\u00f3n dedicada al grupo chileno\u00a0 Los Jaivas.<br>Destacaron desde sus inicios por la combinaci\u00f3n de rock psicod\u00e9lico y rock progresivo con instrumentos y ritmos latinaoamericanos, especialmente andinos. El grupo se forma en Vi\u00f1a del Mar el a\u00f1o 1963 y est\u00e1 actualmente activo.\u00a0<br>Se considera a Los Jaivas como una de las bandas m\u00e1s importantes e influyentes de Chile y Sudam\u00e9rica, siendo su m\u00fasica escuchada en los cinco continentes.<br>Para esta edici\u00f3n se dar\u00e1 a conocer el concierto \u00abGira a Chile 2000\u00bb, que es el concierto realizado en el Teatro Caupolic\u00e1n y que dio t\u00e9rmino a la gira de verano realizada por el grupo.\u00a0 Un lindo recuerdo de la voz e impronta de Gato Alquinta.<br>Radio Presidente Ib\u00e1\u00f1ez:- 88.5 FM Punta Arenas y Porvenir- Canal 34 Tv Red HD- Facebook Live-\u00a0<a rel=\"noreferrer noopener\" href=\"http:\/\/www.radiopresidenteibanez.cl\/\" target=\"_blank\">http:\/\/www.radiopresidenteibanez.cl<\/a><\/p>\n","protected":false},"excerpt":{"rendered":"<p>Este viernes 20 hrs. el programa \u00abEl \u00faltimo tren a casa\u00bb\u00a0 que produce el Colectivo Aczi\u00f3n Kultural\u00a0 y\u00a0 que conduce Pedro Guichapany en radio Presidente Ib\u00e1\u00f1ez presenta una edici\u00f3n dedicada&#8230; <a class=\"read-more\" href=\"https:\/\/www.radiopresidenteibanez.cl\/web\/los-jaivas-en-vivo-en-especial-de-radio-presidente-ibanez\/\">Leer m\u00e1s<\/a><\/p>\n","protected":false},"author":2,"featured_media":23837,"comment_status":"closed","ping_status":"closed","sticky":false,"template":"","format":"standard","meta":{"footnotes":""},"categories":[1,4],"tags":[],"class_list":["post-23836","post","type-post","status-publish","format-standard","has-post-thumbnail","hentry","category-cronica","category-entretenimiento-y-cultura"],"_links":{"self":[{"href":"https:\/\/www.radiopresidenteibanez.cl\/web\/wp-json\/wp\/v2\/posts\/23836","targetHints":{"allow":["GET"]}}],"collection":[{"href":"https:\/\/www.radiopresidenteibanez.cl\/web\/wp-json\/wp\/v2\/posts"}],"about":[{"href":"https:\/\/www.radiopresidenteibanez.cl\/web\/wp-json\/wp\/v2\/types\/post"}],"author":[{"embeddable":true,"href":"https:\/\/www.radiopresidenteibanez.cl\/web\/wp-json\/wp\/v2\/users\/2"}],"replies":[{"embeddable":true,"href":"https:\/\/www.radiopresidenteibanez.cl\/web\/wp-json\/wp\/v2\/comments?post=23836"}],"version-history":[{"count":0,"href":"https:\/\/www.radiopresidenteibanez.cl\/web\/wp-json\/wp\/v2\/posts\/23836\/revisions"}],"wp:featuredmedia":[{"embeddable":true,"href":"https:\/\/www.radiopresidenteibanez.cl\/web\/wp-json\/wp\/v2\/media\/23837"}],"wp:attachment":[{"href":"https:\/\/www.radiopresidenteibanez.cl\/web\/wp-json\/wp\/v2\/media?parent=23836"}],"wp:term":[{"taxonomy":"category","embeddable":true,"href":"https:\/\/www.radiopresidenteibanez.cl\/web\/wp-json\/wp\/v2\/categories?post=23836"},{"taxonomy":"post_tag","embeddable":true,"href":"https:\/\/www.radiopresidenteibanez.cl\/web\/wp-json\/wp\/v2\/tags?post=23836"}],"curies":[{"name":"wp","href":"https:\/\/api.w.org\/{rel}","templated":true}]}}