{"id":2380,"date":"2019-03-18T23:47:41","date_gmt":"2019-03-18T23:47:41","guid":{"rendered":"http:\/\/www.radiopresidenteibanez.cl\/web\/?p=2380"},"modified":"2019-03-18T23:47:54","modified_gmt":"2019-03-18T23:47:54","slug":"pdi-se-encuentra-realizando-las-pericias-por-robo-de-camioneta-desde-concesionaria-de-zona-franca","status":"publish","type":"post","link":"https:\/\/www.radiopresidenteibanez.cl\/web\/pdi-se-encuentra-realizando-las-pericias-por-robo-de-camioneta-desde-concesionaria-de-zona-franca\/","title":{"rendered":"PDI SE ENCUENTRA REALIZANDO LAS PERICIAS POR ROBO DE CAMIONETA DESDE CONCESIONARIA DE ZONA FRANCA"},"content":{"rendered":"\n<p>En horas de esta ma\u00f1ana, qued\u00f3 al descubierto el robo de una camioneta Ford Ranger avaluado en 21 millones de pesos, desde el interior de una concesionaria ubicada al interior de Zona Franca, en la ocasi\u00f3n se realiz\u00f3 la denuncia ante Carabineros, pero posteriormente Polic\u00eda de Investigaciones tom\u00f3 el procedimiento de rigor.<\/p>\n\n\n\n<p>Los antisociales habr\u00edan ingresado\nforzando una de las persianas met\u00e1licas del lugar, donde sustrajeron varias\nllaves de autom\u00f3viles, entre ellas el de la camioneta que fue sustra\u00edda desde\nel interior del recinto.<\/p>\n\n\n\n<p>Al cierre de esta edici\u00f3n a\u00fan no\nexisten personas detenidas.<\/p>\n\n\n\n<div class=\"wp-block-image\"><figure class=\"aligncenter\"><img loading=\"lazy\" decoding=\"async\" width=\"1024\" height=\"768\" src=\"https:\/\/www.radiopresidenteibanez.cl\/web\/wp-content\/uploads\/2019\/03\/WhatsApp-Image-2019-03-18-at-18.53.26-1024x768.jpeg\" alt=\"\" class=\"wp-image-2381\" srcset=\"https:\/\/www.radiopresidenteibanez.cl\/web\/wp-content\/uploads\/2019\/03\/WhatsApp-Image-2019-03-18-at-18.53.26-1024x768.jpeg 1024w, https:\/\/www.radiopresidenteibanez.cl\/web\/wp-content\/uploads\/2019\/03\/WhatsApp-Image-2019-03-18-at-18.53.26-300x225.jpeg 300w, https:\/\/www.radiopresidenteibanez.cl\/web\/wp-content\/uploads\/2019\/03\/WhatsApp-Image-2019-03-18-at-18.53.26-768x576.jpeg 768w, https:\/\/www.radiopresidenteibanez.cl\/web\/wp-content\/uploads\/2019\/03\/WhatsApp-Image-2019-03-18-at-18.53.26.jpeg 1280w\" sizes=\"auto, (max-width: 1024px) 100vw, 1024px\" \/><\/figure><\/div>\n","protected":false},"excerpt":{"rendered":"<p>En horas de esta ma\u00f1ana, qued\u00f3 al descubierto el robo de una camioneta Ford Ranger avaluado en 21 millones de pesos, desde el interior de una concesionaria ubicada al interior&#8230; <a class=\"read-more\" href=\"https:\/\/www.radiopresidenteibanez.cl\/web\/pdi-se-encuentra-realizando-las-pericias-por-robo-de-camioneta-desde-concesionaria-de-zona-franca\/\">Leer m\u00e1s<\/a><\/p>\n","protected":false},"author":2,"featured_media":2381,"comment_status":"closed","ping_status":"closed","sticky":false,"template":"","format":"standard","meta":{"footnotes":""},"categories":[1],"tags":[],"class_list":["post-2380","post","type-post","status-publish","format-standard","has-post-thumbnail","hentry","category-cronica"],"_links":{"self":[{"href":"https:\/\/www.radiopresidenteibanez.cl\/web\/wp-json\/wp\/v2\/posts\/2380","targetHints":{"allow":["GET"]}}],"collection":[{"href":"https:\/\/www.radiopresidenteibanez.cl\/web\/wp-json\/wp\/v2\/posts"}],"about":[{"href":"https:\/\/www.radiopresidenteibanez.cl\/web\/wp-json\/wp\/v2\/types\/post"}],"author":[{"embeddable":true,"href":"https:\/\/www.radiopresidenteibanez.cl\/web\/wp-json\/wp\/v2\/users\/2"}],"replies":[{"embeddable":true,"href":"https:\/\/www.radiopresidenteibanez.cl\/web\/wp-json\/wp\/v2\/comments?post=2380"}],"version-history":[{"count":0,"href":"https:\/\/www.radiopresidenteibanez.cl\/web\/wp-json\/wp\/v2\/posts\/2380\/revisions"}],"wp:featuredmedia":[{"embeddable":true,"href":"https:\/\/www.radiopresidenteibanez.cl\/web\/wp-json\/wp\/v2\/media\/2381"}],"wp:attachment":[{"href":"https:\/\/www.radiopresidenteibanez.cl\/web\/wp-json\/wp\/v2\/media?parent=2380"}],"wp:term":[{"taxonomy":"category","embeddable":true,"href":"https:\/\/www.radiopresidenteibanez.cl\/web\/wp-json\/wp\/v2\/categories?post=2380"},{"taxonomy":"post_tag","embeddable":true,"href":"https:\/\/www.radiopresidenteibanez.cl\/web\/wp-json\/wp\/v2\/tags?post=2380"}],"curies":[{"name":"wp","href":"https:\/\/api.w.org\/{rel}","templated":true}]}}