{"id":23781,"date":"2021-09-08T10:23:00","date_gmt":"2021-09-08T13:23:00","guid":{"rendered":"https:\/\/www.radiopresidenteibanez.cl\/web\/?p=23781"},"modified":"2021-09-08T09:18:29","modified_gmt":"2021-09-08T12:18:29","slug":"tabsa-destaca-zarpe-semanal-matutino-desde-porvenir","status":"publish","type":"post","link":"https:\/\/www.radiopresidenteibanez.cl\/web\/tabsa-destaca-zarpe-semanal-matutino-desde-porvenir\/","title":{"rendered":"TABSA DESTACA ZARPE SEMANAL MATUTINO DESDE PORVENIR"},"content":{"rendered":"\n<p>Satisfacci\u00f3n existe entre la comunidad porvenire\u00f1a, luego que Tabsa decidiera aumentar la frecuencia del viaje con puerto base en Porvenir, el que pas\u00f3 de un viaje cada dos semanas a un viaje semanal. Este servicio permite que los usuarios se embarquen temprano en la ma\u00f1ana del mi\u00e9rcoles en Bah\u00eda Chilota, pudiendo retornar la tarde del mismo d\u00eda hacia la capital fueguina, lo que posibilita viajar a Punta Arenas y realizar sus tr\u00e1mites durante el d\u00eda.<\/p>\n\n\n\n<p>La medida fue adoptada a partir del 4 de agosto y comprende la salida, todos los mi\u00e9rcoles, del ferry Pathagon desde el terminal de Bah\u00eda Chilota hacia Tres Puentes, brindando una mayor cantidad de cruces mensuales con base en Porvenir a los habitantes de Tierra del Fuego.<\/p>\n\n\n\n<p>As\u00ed lo destac\u00f3 el alcalde de la capital de la provincia de Tierra del Fuego, Gabriel Parada, quien expres\u00f3 que \u201ces importante normalizar la conectividad mar\u00edtima, a\u00e9rea y terrestre entre la isla y el continente.\u201d Dijo que \u201ces vital lo que est\u00e1 realizando aerov\u00edas DAP, con vuelos todos los d\u00edas, tambi\u00e9n la empresa Tabsa, realizando una vez a la semana puerto base en Porvenir.\u201d<\/p>\n\n\n\n<p>El edil invit\u00f3 a los pasajeros a mantener todos los resguardos sanitarios y cumplir con los protocolos covid cuando se realicen viajes. \u201cSabemos que hay tr\u00e1mites, horas m\u00e9dicas, ex\u00e1menes pendientes, que la comunidad necesita retomar\u201d, indic\u00f3 Parada.<\/p>\n","protected":false},"excerpt":{"rendered":"<p>Satisfacci\u00f3n existe entre la comunidad porvenire\u00f1a, luego que Tabsa decidiera aumentar la frecuencia del viaje con puerto base en Porvenir, el que pas\u00f3 de un viaje cada dos semanas a&#8230; <a class=\"read-more\" href=\"https:\/\/www.radiopresidenteibanez.cl\/web\/tabsa-destaca-zarpe-semanal-matutino-desde-porvenir\/\">Leer m\u00e1s<\/a><\/p>\n","protected":false},"author":2,"featured_media":23782,"comment_status":"closed","ping_status":"closed","sticky":false,"template":"","format":"standard","meta":{"footnotes":""},"categories":[1],"tags":[],"class_list":["post-23781","post","type-post","status-publish","format-standard","has-post-thumbnail","hentry","category-cronica"],"_links":{"self":[{"href":"https:\/\/www.radiopresidenteibanez.cl\/web\/wp-json\/wp\/v2\/posts\/23781","targetHints":{"allow":["GET"]}}],"collection":[{"href":"https:\/\/www.radiopresidenteibanez.cl\/web\/wp-json\/wp\/v2\/posts"}],"about":[{"href":"https:\/\/www.radiopresidenteibanez.cl\/web\/wp-json\/wp\/v2\/types\/post"}],"author":[{"embeddable":true,"href":"https:\/\/www.radiopresidenteibanez.cl\/web\/wp-json\/wp\/v2\/users\/2"}],"replies":[{"embeddable":true,"href":"https:\/\/www.radiopresidenteibanez.cl\/web\/wp-json\/wp\/v2\/comments?post=23781"}],"version-history":[{"count":0,"href":"https:\/\/www.radiopresidenteibanez.cl\/web\/wp-json\/wp\/v2\/posts\/23781\/revisions"}],"wp:featuredmedia":[{"embeddable":true,"href":"https:\/\/www.radiopresidenteibanez.cl\/web\/wp-json\/wp\/v2\/media\/23782"}],"wp:attachment":[{"href":"https:\/\/www.radiopresidenteibanez.cl\/web\/wp-json\/wp\/v2\/media?parent=23781"}],"wp:term":[{"taxonomy":"category","embeddable":true,"href":"https:\/\/www.radiopresidenteibanez.cl\/web\/wp-json\/wp\/v2\/categories?post=23781"},{"taxonomy":"post_tag","embeddable":true,"href":"https:\/\/www.radiopresidenteibanez.cl\/web\/wp-json\/wp\/v2\/tags?post=23781"}],"curies":[{"name":"wp","href":"https:\/\/api.w.org\/{rel}","templated":true}]}}