{"id":23765,"date":"2021-09-07T17:37:00","date_gmt":"2021-09-07T20:37:00","guid":{"rendered":"https:\/\/www.radiopresidenteibanez.cl\/web\/?p=23765"},"modified":"2021-09-07T16:16:57","modified_gmt":"2021-09-07T19:16:57","slug":"servicio-de-salud-magallanes-y-gremios-de-salud-de-natales-definiran-las-mejores-estrategias-en-beneficio-de-comunidad-usuaria","status":"publish","type":"post","link":"https:\/\/www.radiopresidenteibanez.cl\/web\/servicio-de-salud-magallanes-y-gremios-de-salud-de-natales-definiran-las-mejores-estrategias-en-beneficio-de-comunidad-usuaria\/","title":{"rendered":"SERVICIO DE SALUD MAGALLANES Y GREMIOS DE SALUD DE NATALES DEFINIR\u00c1N LAS MEJORES ESTRATEGIAS EN BENEFICIO DE COMUNIDAD USUARIA"},"content":{"rendered":"\n<p>Reuniones de trabajo y\ncoordinaci\u00f3n desarrollaron directivos del Servicio de Salud Magallanes, junto a\nla directivos, funcionarios y dirigentes gremiales del Hospital Dr. Augusto\nEssman Burgos de Puerto Natales, a fin de fortalecer el trabajo conjunto y la\ncomunicaci\u00f3n permanente que incida en la b\u00fasqueda de mejores soluciones en\nbeneficio de la comunidad natalina.<\/p>\n\n\n\n<p>En esta l\u00f3gica, el subdirector de\nGesti\u00f3n Asistencial del SS Magallanes, doctor Cristian Cabrera, explic\u00f3 que el\nprincipal motivo y preocupaci\u00f3n del Servicio de Salud Magallanes son los\nusuarios de la Provincia de \u00daltima Esperanza.&nbsp;\n<\/p>\n\n\n\n<p>\u201cQueremos garantizar continuidad\nde atenci\u00f3n a los pacientes, para que la comunidad natalina se sienta segura de\nvenir a su hospital y, por supuesto con una atenci\u00f3n de calidad. Para ello,\nhemos definido trabajar junto a los gremios, y esta semana retornar\u00edamos al\nHospital de Natales con un equipo de m\u00e9dicos del Servicio de Salud y Hospital\nCl\u00ednico de Magallanes, para revisar los procesos, apoyarlos y definir cu\u00e1les son\nlas mejores alternativas para la comunidad de Puerto Natales\u201d, enfatiz\u00f3 el\nsubdirector de Gesti\u00f3n Asistencial. <\/p>\n\n\n\n<p>Se\u00f1alar que, desde el inicio de\nla pandemia el Hospital de Puerto Natales forma parte de la Red Integrada\nCOVID-19, entregando respuesta oportuna a las personas afectadas por esta\npatolog\u00eda y sumando camas cr\u00edticas, gracias a la complejizaci\u00f3n de sus camas\nintermedias. Proceso exitoso para el manejo de la pandemia. <\/p>\n\n\n\n<p>\u201cHoy estamos dando vuelta la\np\u00e1gina -recordando que los n\u00fameros son din\u00e1micos- para poder recuperar la\nactividad asistencial que se ha perdido. Debemos retomar nuestra actividad\nquir\u00fargica, rondas y atenciones m\u00e9dicas de especialidad no solo a los usuarios\nde Natales sino de toda la Regi\u00f3n de Magallanes\u201d, indic\u00f3 el Dr. Cabrera. <\/p>\n\n\n\n<p>En tanto, el presidente de la\nBase FENPRUSS de Puerto Natales, Paulo Cand\u00eda, se\u00f1al\u00f3 que se encuentran\ndispuestos a trabajar mediante \u201clas propuestas (Servicio de Salud) que va a\npresentar la pr\u00f3xima semana. Vamos a continuar trabajando para generar una\nmejor atenci\u00f3n de calidad y de salud para los usuarios de nuestro\nestablecimiento\u201d, indic\u00f3 el dirigente gremial. <\/p>\n\n\n\n<p>Por su parte, la tecn\u00f3loga m\u00e9dica\ny tesorera de la Base FENATS de Puerto Natales, Sandra Provoste, manifest\u00f3 su\nrespaldo con respecto de los primeros acercamientos entre el Servicio de Salud\nMagallanes y los Gremios del sector. <\/p>\n\n\n\n<p>\u201cConf\u00edo y vamos a estar atentos a\nque esto suceda por el bien de la comunidad. Ellos se merecen una atenci\u00f3n de\ncalidad. Quiero confiar porque las propuestas las van a enviar y nosotros vamos\na estar atentos para que se cumplan\u201d, cerr\u00f3 la profesional. <\/p>\n\n\n\n<p>Actualmente, el ingeniero Jos\u00e9\nMiguel Paredes se encuentra a cargo de la direcci\u00f3n del Hospital de Puerto\nNatales de manera subrogante, mientras que el doctor Luis Vieras se encuentra\nejerciendo en calidad de subrogante la Subdirecci\u00f3n M\u00e9dica.<\/p>\n\n\n\n<p>Por su parte, la tecn\u00f3loga m\u00e9dica\ny tesorera de la Base FENATS de Puerto Natales, Sandra Provoste, manifest\u00f3 su\nrespaldo con respecto de los primeros acercamientos entre el Servicio de Salud\nMagallanes y los Gremios de Salud. <\/p>\n\n\n\n<p>\u201cConf\u00edo y vamos a estar atentos a\nque esto suceda por el bien de la comunidad. Ellos se merecen una atenci\u00f3n de\ncalidad. Quiero confiar porque las propuestas las van a enviar y nosotros vamos\na estar atentos para que se cumplan\u201d, cerr\u00f3 la profesional. <\/p>\n\n\n\n<p>Actualmente, Jos\u00e9 Miguel Paredes\nse encuentra a cargo de la direcci\u00f3n del Hospital de Puerto Natales de manera\nsubrogante, mientras que el doctor Luis Vieras se encuentra ejerciendo como\nsubdirector (s) de la Subdirecci\u00f3n M\u00e9dica.<\/p>\n","protected":false},"excerpt":{"rendered":"<p>Reuniones de trabajo y coordinaci\u00f3n desarrollaron directivos del Servicio de Salud Magallanes, junto a la directivos, funcionarios y dirigentes gremiales del Hospital Dr. Augusto Essman Burgos de Puerto Natales, a&#8230; <a class=\"read-more\" href=\"https:\/\/www.radiopresidenteibanez.cl\/web\/servicio-de-salud-magallanes-y-gremios-de-salud-de-natales-definiran-las-mejores-estrategias-en-beneficio-de-comunidad-usuaria\/\">Leer m\u00e1s<\/a><\/p>\n","protected":false},"author":2,"featured_media":23766,"comment_status":"closed","ping_status":"closed","sticky":false,"template":"","format":"standard","meta":{"footnotes":""},"categories":[1],"tags":[],"class_list":["post-23765","post","type-post","status-publish","format-standard","has-post-thumbnail","hentry","category-cronica"],"_links":{"self":[{"href":"https:\/\/www.radiopresidenteibanez.cl\/web\/wp-json\/wp\/v2\/posts\/23765","targetHints":{"allow":["GET"]}}],"collection":[{"href":"https:\/\/www.radiopresidenteibanez.cl\/web\/wp-json\/wp\/v2\/posts"}],"about":[{"href":"https:\/\/www.radiopresidenteibanez.cl\/web\/wp-json\/wp\/v2\/types\/post"}],"author":[{"embeddable":true,"href":"https:\/\/www.radiopresidenteibanez.cl\/web\/wp-json\/wp\/v2\/users\/2"}],"replies":[{"embeddable":true,"href":"https:\/\/www.radiopresidenteibanez.cl\/web\/wp-json\/wp\/v2\/comments?post=23765"}],"version-history":[{"count":0,"href":"https:\/\/www.radiopresidenteibanez.cl\/web\/wp-json\/wp\/v2\/posts\/23765\/revisions"}],"wp:featuredmedia":[{"embeddable":true,"href":"https:\/\/www.radiopresidenteibanez.cl\/web\/wp-json\/wp\/v2\/media\/23766"}],"wp:attachment":[{"href":"https:\/\/www.radiopresidenteibanez.cl\/web\/wp-json\/wp\/v2\/media?parent=23765"}],"wp:term":[{"taxonomy":"category","embeddable":true,"href":"https:\/\/www.radiopresidenteibanez.cl\/web\/wp-json\/wp\/v2\/categories?post=23765"},{"taxonomy":"post_tag","embeddable":true,"href":"https:\/\/www.radiopresidenteibanez.cl\/web\/wp-json\/wp\/v2\/tags?post=23765"}],"curies":[{"name":"wp","href":"https:\/\/api.w.org\/{rel}","templated":true}]}}