{"id":23759,"date":"2021-09-07T15:56:04","date_gmt":"2021-09-07T18:56:04","guid":{"rendered":"https:\/\/www.radiopresidenteibanez.cl\/web\/?p=23759"},"modified":"2021-09-07T15:56:10","modified_gmt":"2021-09-07T18:56:10","slug":"municipalidad-de-natales-renovo-convenio-con-senda-para-programa-elige-vivir-sin-drogas","status":"publish","type":"post","link":"https:\/\/www.radiopresidenteibanez.cl\/web\/municipalidad-de-natales-renovo-convenio-con-senda-para-programa-elige-vivir-sin-drogas\/","title":{"rendered":"MUNICIPALIDAD DE NATALES RENOV\u00d3 CONVENIO CON SENDA PARA PROGRAMA ELIGE VIVIR SIN DROGAS"},"content":{"rendered":"\n<p>El d\u00eda martes 7 de septiembre, en la alcald\u00eda de la\nMunicipalidad Natales, se llev\u00f3 a cabo la firma del Convenio \u201cElige Vivir sin\nDrogas\u201d, para lo cual se cont\u00f3 con la presencia del Director Nacional del\nServicio Nacional para la Prevenci\u00f3n y Rehabilitaci\u00f3n del Consumo de Drogas y\nAlcohol (SENDA).<\/p>\n\n\n\n<p>En el encuentro estuvieron presentes: la Alcaldesa de\nNatales, Antonieta Oyarzo;&nbsp; Director\nNacional de SENDA, Carlos Charme Fuentes; la Directora Regional del SENDA,\nLorena Guala Vivar; Gabinete, Carolina Saldivia;&nbsp; la Directora de DIDECO, Claudia Hern\u00e1ndez; el\nAsesor Territorial de SENDA a nivel central, Felipe Herrera Matamala; la\nCoordinadora Comunal de SENDA Previene; Nicole C\u00e1rdenas y los concejales de la\ncomuna, Ver\u00f3nica P\u00e9rez y Marcelo Contreras en su calidad de Presidenta y\nVicepresidente respectivamente, de la Comisi\u00f3n de Adulto Mayor y Juventud del\nConcejo Municipal de Natales.<\/p>\n\n\n\n<p>Antonieta Oyarzo sostuvo al respecto que, \u201cnuestra funci\u00f3n\ncomo municipio es trabajar comunitariamente en la prevenci\u00f3n y control de\ndrogas, estableciendo actividades orientadas a los y las estudiantes y este\nconvenio, tiene que ver con talleres culturales, deportivos y actividades\ncomunitarias para los cuatro liceos de la comuna\u201d. La Alcaldesa de Natales\ntambi\u00e9n inform\u00f3 que&nbsp; \u201ca trav\u00e9s del\nConsejo Intercomunal de Seguridad P\u00fablica, pero tambi\u00e9n por medio de mesas de\ntrabajo, hemos realizado reuniones donde han participado los concejales que son\nrepresentantes del Concejo Municipal en esta tem\u00e1tica y hemos realizado una\nsilenciosa labor estrat\u00e9gica para poder abordar este tema, que podr\u00eda ser\npreocupante si no intervenimos a tiempo\u201d.<\/p>\n\n\n\n<p>Consultado Carlos Charme, con respecto a la firma del\nconvenio indic\u00f3 que \u201cvenir a reafirmar el trabajo que nos ha se\u00f1alado el\nPresidente de la Rep\u00fablica es fundamental, y especialmente con la firma de\nconvenios, como el que acabamos de celebrar con la alcaldesa; que viene a\nratificar con una r\u00fabrica el compromiso de la comunidad natalina y del\ngobierno, para trabajar de manera conjunta en pos de los ni\u00f1os y ni\u00f1as\nadolescente, a trav\u00e9s de la Estrategia Nacional de Drogas 2021-2022.\u201d<\/p>\n\n\n\n<p>Tambi\u00e9n Ver\u00f3nica P\u00e9rez se mostr\u00f3 muy complacida se\u00f1alando\nque \u201cera muy relevante reforzar estos programas con los liceos, donde adem\u00e1s\nvan a ser los y las j\u00f3venes quienes puedan optar por las actividades, para\nmejorar su tiempo libre\u201d.<\/p>\n","protected":false},"excerpt":{"rendered":"<p>El d\u00eda martes 7 de septiembre, en la alcald\u00eda de la Municipalidad Natales, se llev\u00f3 a cabo la firma del Convenio \u201cElige Vivir sin Drogas\u201d, para lo cual se cont\u00f3&#8230; <a class=\"read-more\" href=\"https:\/\/www.radiopresidenteibanez.cl\/web\/municipalidad-de-natales-renovo-convenio-con-senda-para-programa-elige-vivir-sin-drogas\/\">Leer m\u00e1s<\/a><\/p>\n","protected":false},"author":2,"featured_media":23760,"comment_status":"closed","ping_status":"closed","sticky":false,"template":"","format":"standard","meta":{"footnotes":""},"categories":[1],"tags":[],"class_list":["post-23759","post","type-post","status-publish","format-standard","has-post-thumbnail","hentry","category-cronica"],"_links":{"self":[{"href":"https:\/\/www.radiopresidenteibanez.cl\/web\/wp-json\/wp\/v2\/posts\/23759","targetHints":{"allow":["GET"]}}],"collection":[{"href":"https:\/\/www.radiopresidenteibanez.cl\/web\/wp-json\/wp\/v2\/posts"}],"about":[{"href":"https:\/\/www.radiopresidenteibanez.cl\/web\/wp-json\/wp\/v2\/types\/post"}],"author":[{"embeddable":true,"href":"https:\/\/www.radiopresidenteibanez.cl\/web\/wp-json\/wp\/v2\/users\/2"}],"replies":[{"embeddable":true,"href":"https:\/\/www.radiopresidenteibanez.cl\/web\/wp-json\/wp\/v2\/comments?post=23759"}],"version-history":[{"count":0,"href":"https:\/\/www.radiopresidenteibanez.cl\/web\/wp-json\/wp\/v2\/posts\/23759\/revisions"}],"wp:featuredmedia":[{"embeddable":true,"href":"https:\/\/www.radiopresidenteibanez.cl\/web\/wp-json\/wp\/v2\/media\/23760"}],"wp:attachment":[{"href":"https:\/\/www.radiopresidenteibanez.cl\/web\/wp-json\/wp\/v2\/media?parent=23759"}],"wp:term":[{"taxonomy":"category","embeddable":true,"href":"https:\/\/www.radiopresidenteibanez.cl\/web\/wp-json\/wp\/v2\/categories?post=23759"},{"taxonomy":"post_tag","embeddable":true,"href":"https:\/\/www.radiopresidenteibanez.cl\/web\/wp-json\/wp\/v2\/tags?post=23759"}],"curies":[{"name":"wp","href":"https:\/\/api.w.org\/{rel}","templated":true}]}}