{"id":2375,"date":"2019-03-18T23:33:07","date_gmt":"2019-03-18T23:33:07","guid":{"rendered":"http:\/\/www.radiopresidenteibanez.cl\/web\/?p=2375"},"modified":"2019-03-18T23:33:25","modified_gmt":"2019-03-18T23:33:25","slug":"autoridades-regionales-valoraron-la-entrada-en-vigencia-de-la-ley-que-fortalece-los-derechos-de-los-consumidores-y-moderniza-el-sernac","status":"publish","type":"post","link":"https:\/\/www.radiopresidenteibanez.cl\/web\/autoridades-regionales-valoraron-la-entrada-en-vigencia-de-la-ley-que-fortalece-los-derechos-de-los-consumidores-y-moderniza-el-sernac\/","title":{"rendered":"AUTORIDADES REGIONALES VALORARON LA ENTRADA EN VIGENCIA DE LA LEY QUE FORTALECE LOS DERECHOS DE LOS CONSUMIDORES Y MODERNIZA EL SERNAC"},"content":{"rendered":"\n<p>Esta ma\u00f1ana, mientras entregaban folletos informativos a los\ntranse\u00fantes en la esquina de Bories con Col\u00f3n, autoridades regionales valoraron\nla entrada en vigencia de la Ley 21.081, la que fortalece los derechos de los\nconsumidores en el pa\u00eds y moderniza el SERNAC, dot\u00e1ndolo de una serie de nuevas\nfacultades para acudir en su defensa en caso de problemas de consumo.<\/p>\n\n\n\n<p>En la actividad, el Intendente Regional Jos\u00e9 Fern\u00e1ndez D\u00fcbrock, se\u00f1al\u00f3\nque \u201cesta nueva ley del consumidor demuestra la preocupaci\u00f3n que tiene el\nPresidente Sebasti\u00e1n Pi\u00f1era con el consumidor y la ciudadan\u00eda, pues busca que\nnuestros consumidores tengan mayor protecci\u00f3n.\u201d<\/p>\n\n\n\n<p>Por su parte la Seremi de Econom\u00eda Natalia Easton coment\u00f3 que \u201c\u201cesta\nnueva ley fortalece el Sernac. En la misma l\u00ednea, trae nuevos derechos para los\nconsumidores, como el aumento de las multas hasta 6 veces a las empresas que\nincurran en infracciones y tambi\u00e9n mayores indemnizaciones para los clientes,\nque pueden llegar hasta un 25% adicional.&nbsp;\nPor \u00faltimo, la ley entrega soluciones m\u00e1s eficientes, busca optimizar\nlos plazos, y por lo tanto los que ganan son nuestros consumidores.\u201d<\/p>\n\n\n\n<p>Finalmente, la Directora Regional del Sernac, Pamela Ram\u00edrez, destac\u00f3 que la entrada en vigencia de esta Ley implica que a partir de hoy existe un \u201cNuevo SERNAC\u201d, que cuenta con una serie de facultades que le permitir\u00e1n defender de mejor manera a los consumidores del pa\u00eds. Agreg\u00f3 que esta normativa establece los incentivos suficientes para que las empresas act\u00faen profesionalmente y ajusten sus pr\u00e1cticas de ra\u00edz en sus procesos, lo que redundar\u00e1 en relaciones de consumo m\u00e1s equilibradas entre los consumidores y las empresas. <strong><br> <\/strong><\/p>\n\n\n\n<figure class=\"wp-block-image\"><img loading=\"lazy\" decoding=\"async\" width=\"900\" height=\"675\" src=\"https:\/\/www.radiopresidenteibanez.cl\/web\/wp-content\/uploads\/2019\/03\/IMG_20190318_114516704.jpg\" alt=\"\" class=\"wp-image-2376\" srcset=\"https:\/\/www.radiopresidenteibanez.cl\/web\/wp-content\/uploads\/2019\/03\/IMG_20190318_114516704.jpg 900w, https:\/\/www.radiopresidenteibanez.cl\/web\/wp-content\/uploads\/2019\/03\/IMG_20190318_114516704-300x225.jpg 300w, https:\/\/www.radiopresidenteibanez.cl\/web\/wp-content\/uploads\/2019\/03\/IMG_20190318_114516704-768x576.jpg 768w\" sizes=\"auto, (max-width: 900px) 100vw, 900px\" \/><\/figure>\n","protected":false},"excerpt":{"rendered":"<p>Esta ma\u00f1ana, mientras entregaban folletos informativos a los transe\u00fantes en la esquina de Bories con Col\u00f3n, autoridades regionales valoraron la entrada en vigencia de la Ley 21.081, la que fortalece&#8230; <a class=\"read-more\" href=\"https:\/\/www.radiopresidenteibanez.cl\/web\/autoridades-regionales-valoraron-la-entrada-en-vigencia-de-la-ley-que-fortalece-los-derechos-de-los-consumidores-y-moderniza-el-sernac\/\">Leer m\u00e1s<\/a><\/p>\n","protected":false},"author":2,"featured_media":2376,"comment_status":"closed","ping_status":"closed","sticky":false,"template":"","format":"standard","meta":{"footnotes":""},"categories":[1],"tags":[],"class_list":["post-2375","post","type-post","status-publish","format-standard","has-post-thumbnail","hentry","category-cronica"],"_links":{"self":[{"href":"https:\/\/www.radiopresidenteibanez.cl\/web\/wp-json\/wp\/v2\/posts\/2375","targetHints":{"allow":["GET"]}}],"collection":[{"href":"https:\/\/www.radiopresidenteibanez.cl\/web\/wp-json\/wp\/v2\/posts"}],"about":[{"href":"https:\/\/www.radiopresidenteibanez.cl\/web\/wp-json\/wp\/v2\/types\/post"}],"author":[{"embeddable":true,"href":"https:\/\/www.radiopresidenteibanez.cl\/web\/wp-json\/wp\/v2\/users\/2"}],"replies":[{"embeddable":true,"href":"https:\/\/www.radiopresidenteibanez.cl\/web\/wp-json\/wp\/v2\/comments?post=2375"}],"version-history":[{"count":0,"href":"https:\/\/www.radiopresidenteibanez.cl\/web\/wp-json\/wp\/v2\/posts\/2375\/revisions"}],"wp:featuredmedia":[{"embeddable":true,"href":"https:\/\/www.radiopresidenteibanez.cl\/web\/wp-json\/wp\/v2\/media\/2376"}],"wp:attachment":[{"href":"https:\/\/www.radiopresidenteibanez.cl\/web\/wp-json\/wp\/v2\/media?parent=2375"}],"wp:term":[{"taxonomy":"category","embeddable":true,"href":"https:\/\/www.radiopresidenteibanez.cl\/web\/wp-json\/wp\/v2\/categories?post=2375"},{"taxonomy":"post_tag","embeddable":true,"href":"https:\/\/www.radiopresidenteibanez.cl\/web\/wp-json\/wp\/v2\/tags?post=2375"}],"curies":[{"name":"wp","href":"https:\/\/api.w.org\/{rel}","templated":true}]}}