{"id":23744,"date":"2021-09-07T08:07:10","date_gmt":"2021-09-07T11:07:10","guid":{"rendered":"https:\/\/www.radiopresidenteibanez.cl\/web\/?p=23744"},"modified":"2021-09-06T22:55:29","modified_gmt":"2021-09-07T01:55:29","slug":"gobernador-flies-destaca-aprobacion-de-mas-facultades-y-cambios-de-atribuciones-legales","status":"publish","type":"post","link":"https:\/\/www.radiopresidenteibanez.cl\/web\/gobernador-flies-destaca-aprobacion-de-mas-facultades-y-cambios-de-atribuciones-legales\/","title":{"rendered":"GOBERNADOR FLIES DESTACA APROBACI\u00d3N DE MAS FACULTADES Y CAMBIOS DE ATRIBUCIONES LEGALES"},"content":{"rendered":"\n<p>Se\ninforma desde el Gobierno Regional de Magallanes lo acontecido este mediod\u00eda\npor la Comisi\u00f3n Mixta de Descentralizaci\u00f3n y que, en los pr\u00f3ximos d\u00edas, ser\u00e1\nsometido a votaci\u00f3n en ambas C\u00e1maras y que, de aprobarse, significar\u00e1n pasos\nimportantes en favor de las regiones.<\/p>\n\n\n\n<p>Lo\nprimero es que se estableci\u00f3 una distinci\u00f3n m\u00e1s clara y precisa de\natribuciones, donde en el caso de los Gobernadores Regionales se aprob\u00f3 la\nfacultad de convocar a secretarios regionales ministeriales y jefes de servicio\npara analizar planes de inversi\u00f3n de sus respectivas carteras.<\/p>\n\n\n\n<p>Adem\u00e1s,\nse elimin\u00f3 el denominado \u201csilencio negativo\u201d que pod\u00eda ejercer el Gobierno\nCentral, luego de seis meses de recibir una solicitud de competencias. Por lo\ntanto, ahora, en dicho per\u00edodo deber\u00e1 responder las peticiones que reciba, sin\nque el hecho de no responder implique, autom\u00e1ticamente, una negativa y que la\nmateria o asunto sigue en manos del poder central.<\/p>\n\n\n\n<p>Respecto\na la \u201ccontienda de competencias\u201d, se estableci\u00f3 un procedimiento que estar\u00e1 a\ncargo de la Contralor\u00eda General de la Rep\u00fablica, con el objeto que analice y\nadopte las resoluciones de controversias que puedan existir entre organismos\np\u00fablicos.<\/p>\n\n\n\n<p>Otro\nde los temas zanjados dice relaci\u00f3n con el traspaso de competencias que estaba\nen manos del Gobierno Central, lo cual fue rechazado bajo el argumento de ser\n\u201cjuez y parte\u201d. <\/p>\n\n\n\n<p>Para\nello, se conformar\u00e1 un Consejo de Evaluaci\u00f3n de traspaso de Competencias, de\ncar\u00e1cter paritario y que est\u00e1 integrado por representantes del Gobierno Central\ny del Gobierno Regional, adem\u00e1s de expertos y\/o t\u00e9cnicos de la materia en\ncuesti\u00f3n para proporcionar un car\u00e1cter imparcial.<\/p>\n\n\n\n<p>Por\n\u00faltimo, en un quinto punto, les comento que se avanz\u00f3 en la \u201casociatividad\nregional\u201d, ya que la Comisi\u00f3n Mixta aprob\u00f3 dicha capacidad entre los Gobiernos\nRegionales para la promoci\u00f3n de pol\u00edticas sobre descentralizaci\u00f3n.<\/p>\n\n\n\n<p>Con\nrespecto a todo esto, la m\u00e1xima autoridad de Magallanes, el Gobernador Jorge\nFlies, destac\u00f3 que \u201cestamos muy satisfechos. Este es un gran triunfo para las\nregiones. Destacar que ha habido una voluntad del Ejecutivo, Legislativo y\nGobiernos Regionales. Tenemos un ejemplo de buena pol\u00edtica para un proyecto que\nten\u00eda muchas falencias pero que finalmente lleg\u00f3 a buen puerto\u201d, cerr\u00f3. <\/p>\n","protected":false},"excerpt":{"rendered":"<p>Se informa desde el Gobierno Regional de Magallanes lo acontecido este mediod\u00eda por la Comisi\u00f3n Mixta de Descentralizaci\u00f3n y que, en los pr\u00f3ximos d\u00edas, ser\u00e1 sometido a votaci\u00f3n en ambas&#8230; <a class=\"read-more\" href=\"https:\/\/www.radiopresidenteibanez.cl\/web\/gobernador-flies-destaca-aprobacion-de-mas-facultades-y-cambios-de-atribuciones-legales\/\">Leer m\u00e1s<\/a><\/p>\n","protected":false},"author":2,"featured_media":23745,"comment_status":"closed","ping_status":"closed","sticky":false,"template":"","format":"standard","meta":{"footnotes":""},"categories":[1],"tags":[],"class_list":["post-23744","post","type-post","status-publish","format-standard","has-post-thumbnail","hentry","category-cronica"],"_links":{"self":[{"href":"https:\/\/www.radiopresidenteibanez.cl\/web\/wp-json\/wp\/v2\/posts\/23744","targetHints":{"allow":["GET"]}}],"collection":[{"href":"https:\/\/www.radiopresidenteibanez.cl\/web\/wp-json\/wp\/v2\/posts"}],"about":[{"href":"https:\/\/www.radiopresidenteibanez.cl\/web\/wp-json\/wp\/v2\/types\/post"}],"author":[{"embeddable":true,"href":"https:\/\/www.radiopresidenteibanez.cl\/web\/wp-json\/wp\/v2\/users\/2"}],"replies":[{"embeddable":true,"href":"https:\/\/www.radiopresidenteibanez.cl\/web\/wp-json\/wp\/v2\/comments?post=23744"}],"version-history":[{"count":0,"href":"https:\/\/www.radiopresidenteibanez.cl\/web\/wp-json\/wp\/v2\/posts\/23744\/revisions"}],"wp:featuredmedia":[{"embeddable":true,"href":"https:\/\/www.radiopresidenteibanez.cl\/web\/wp-json\/wp\/v2\/media\/23745"}],"wp:attachment":[{"href":"https:\/\/www.radiopresidenteibanez.cl\/web\/wp-json\/wp\/v2\/media?parent=23744"}],"wp:term":[{"taxonomy":"category","embeddable":true,"href":"https:\/\/www.radiopresidenteibanez.cl\/web\/wp-json\/wp\/v2\/categories?post=23744"},{"taxonomy":"post_tag","embeddable":true,"href":"https:\/\/www.radiopresidenteibanez.cl\/web\/wp-json\/wp\/v2\/tags?post=23744"}],"curies":[{"name":"wp","href":"https:\/\/api.w.org\/{rel}","templated":true}]}}