{"id":2372,"date":"2019-03-18T23:24:18","date_gmt":"2019-03-18T23:24:18","guid":{"rendered":"http:\/\/www.radiopresidenteibanez.cl\/web\/?p=2372"},"modified":"2019-03-18T23:24:36","modified_gmt":"2019-03-18T23:24:36","slug":"obispo-bernardo-bastres-oficio-misa-por-la-fuerza-aerea-de-chile","status":"publish","type":"post","link":"https:\/\/www.radiopresidenteibanez.cl\/web\/obispo-bernardo-bastres-oficio-misa-por-la-fuerza-aerea-de-chile\/","title":{"rendered":"OBISPO BERNARDO BASTRES OFICI\u00d3 MISA POR LA FUERZA A\u00c9REA DE CHILE"},"content":{"rendered":"\n<p>Con una\nmisa oficiada por el Obispo de la Di\u00f3cesis de Punta Arenas, Monse\u00f1or Bernardo\nB\u00e1stres Florence, el d\u00eda 18 de marzo, se realiz\u00f3 en la capilla \u201cNuestra Se\u00f1ora\nde Loreto\u201d, una misa por el Octog\u00e9simo Noveno Aniversario de la Fuerza A\u00e9rea de\nChile.<\/p>\n\n\n\n<p>A la\nceremonia religiosa asisti\u00f3 el Comandante en Jefe de la IV\u00aa Brigada A\u00e9rea,\nGeneral de Brigada A\u00e9rea (A) Eduardo Mosqueira Cruz, acompa\u00f1ado de autoridades\nregionales y los Comandantes de las Unidades internas de la Base A\u00e9rea\nChabunco. As\u00ed tambi\u00e9n delegaciones de las Fuerzas Armadas de Orden y Seguridad\nP\u00fablica.<\/p>\n\n\n\n<p>Durante la liturgia, Monse\u00f1or B\u00e1stres destac\u00f3 el rol que cumple la Fuerza A\u00e9rea de Chile en la regi\u00f3n de Magallanes y su s\u00f3lida relaci\u00f3n con la comunidad en la que el aporte solidario siempre ha estado presente a lo largo de toda su vida institucional. <\/p>\n\n\n\n<figure class=\"wp-block-image\"><img loading=\"lazy\" decoding=\"async\" width=\"900\" height=\"596\" src=\"https:\/\/www.radiopresidenteibanez.cl\/web\/wp-content\/uploads\/2019\/03\/DSC_0042.jpg\" alt=\"\" class=\"wp-image-2373\" srcset=\"https:\/\/www.radiopresidenteibanez.cl\/web\/wp-content\/uploads\/2019\/03\/DSC_0042.jpg 900w, https:\/\/www.radiopresidenteibanez.cl\/web\/wp-content\/uploads\/2019\/03\/DSC_0042-300x199.jpg 300w, https:\/\/www.radiopresidenteibanez.cl\/web\/wp-content\/uploads\/2019\/03\/DSC_0042-768x509.jpg 768w\" sizes=\"auto, (max-width: 900px) 100vw, 900px\" \/><\/figure>\n","protected":false},"excerpt":{"rendered":"<p>Con una misa oficiada por el Obispo de la Di\u00f3cesis de Punta Arenas, Monse\u00f1or Bernardo B\u00e1stres Florence, el d\u00eda 18 de marzo, se realiz\u00f3 en la capilla \u201cNuestra Se\u00f1ora de&#8230; <a class=\"read-more\" href=\"https:\/\/www.radiopresidenteibanez.cl\/web\/obispo-bernardo-bastres-oficio-misa-por-la-fuerza-aerea-de-chile\/\">Leer m\u00e1s<\/a><\/p>\n","protected":false},"author":2,"featured_media":2373,"comment_status":"closed","ping_status":"closed","sticky":false,"template":"","format":"standard","meta":{"footnotes":""},"categories":[1],"tags":[],"class_list":["post-2372","post","type-post","status-publish","format-standard","has-post-thumbnail","hentry","category-cronica"],"_links":{"self":[{"href":"https:\/\/www.radiopresidenteibanez.cl\/web\/wp-json\/wp\/v2\/posts\/2372","targetHints":{"allow":["GET"]}}],"collection":[{"href":"https:\/\/www.radiopresidenteibanez.cl\/web\/wp-json\/wp\/v2\/posts"}],"about":[{"href":"https:\/\/www.radiopresidenteibanez.cl\/web\/wp-json\/wp\/v2\/types\/post"}],"author":[{"embeddable":true,"href":"https:\/\/www.radiopresidenteibanez.cl\/web\/wp-json\/wp\/v2\/users\/2"}],"replies":[{"embeddable":true,"href":"https:\/\/www.radiopresidenteibanez.cl\/web\/wp-json\/wp\/v2\/comments?post=2372"}],"version-history":[{"count":0,"href":"https:\/\/www.radiopresidenteibanez.cl\/web\/wp-json\/wp\/v2\/posts\/2372\/revisions"}],"wp:featuredmedia":[{"embeddable":true,"href":"https:\/\/www.radiopresidenteibanez.cl\/web\/wp-json\/wp\/v2\/media\/2373"}],"wp:attachment":[{"href":"https:\/\/www.radiopresidenteibanez.cl\/web\/wp-json\/wp\/v2\/media?parent=2372"}],"wp:term":[{"taxonomy":"category","embeddable":true,"href":"https:\/\/www.radiopresidenteibanez.cl\/web\/wp-json\/wp\/v2\/categories?post=2372"},{"taxonomy":"post_tag","embeddable":true,"href":"https:\/\/www.radiopresidenteibanez.cl\/web\/wp-json\/wp\/v2\/tags?post=2372"}],"curies":[{"name":"wp","href":"https:\/\/api.w.org\/{rel}","templated":true}]}}