{"id":2369,"date":"2019-03-18T23:19:21","date_gmt":"2019-03-18T23:19:21","guid":{"rendered":"http:\/\/www.radiopresidenteibanez.cl\/web\/?p=2369"},"modified":"2019-03-18T23:19:29","modified_gmt":"2019-03-18T23:19:29","slug":"mas-de-50-jovenes-se-vacunaron-contra-el-sarampion-en-operativo-nocturno-organizado-por-sector-salud-en-av-bulnes-con-ovejero","status":"publish","type":"post","link":"https:\/\/www.radiopresidenteibanez.cl\/web\/mas-de-50-jovenes-se-vacunaron-contra-el-sarampion-en-operativo-nocturno-organizado-por-sector-salud-en-av-bulnes-con-ovejero\/","title":{"rendered":"M\u00c1S DE 50 J\u00d3VENES SE VACUNARON CONTRA EL SARAMPI\u00d3N EN OPERATIVO NOCTURNO ORGANIZADO POR SECTOR SALUD EN AV.BULNES CON OVEJERO"},"content":{"rendered":"\n<p>Todo\nun \u00e9xito result\u00f3 el punto de vacunaci\u00f3n nocturno contra el sarampi\u00f3n para\nj\u00f3venes organizado el pasado viernes 15 de marzo por la SEREMI, el Servicio de\nSalud Magallanes y el \u00c1rea Salud de la Corporaci\u00f3n Municipal de Punta Arenas.<\/p>\n\n\n\n<p>Para\ndar inicio a esta actividad estuvieron presentes el SEREMI de Salud (S), Sergio\nRuiz, y del Director del Servicio de Salud, Nelson Reyes, quienes manifestaron\nque como sector salud se coordin\u00f3 la instalaci\u00f3n de la Cl\u00ednica M\u00f3vil de la\nCorporaci\u00f3n Municipal de Punta Arenas para esta vacunaci\u00f3n y as\u00ed captar a j\u00f3venes\nque acud\u00edan a los diferentes pubs ubicados en el sector. <\/p>\n\n\n\n<p>La\nactividad, que se desarroll\u00f3 de 20.00 a 22.00 horas en el bandejon central de\nAv. Bulnes con calle Ovejero, recibi\u00f3 inmediata atenci\u00f3n por parte de la\ncomunidad joven que a esa hora transitaba por el lugar, quienes consultaron y\nacudieron en gran cantidad a recibir esta vacuna. <\/p>\n\n\n\n<p>El\nDirector del Servicio de Salud, Nelson Reyes, expres\u00f3 que \u201ces una excelente\ncampa\u00f1a que estamos haciendo. Poder llegar a la comunidad y estar motivando a\nla juventud. Tenemos a muchos j\u00f3venes hoy d\u00eda aqu\u00ed. La idea es que los j\u00f3venes\nde entre 20 a 24 a\u00f1os puedan concurrir y vacunarse contra el sarampi\u00f3n. Que\nparticipen en esta campa\u00f1a y as\u00ed evitamos dificultades en su salud en el\nfuturo. Hoy estamos en plena avenida con este punto de vacunaci\u00f3n y es\nmotivante ver a la comunidad joven acudir en gran cantidad\u201d.<\/p>\n\n\n\n<p>En\ntanto, la Encargada Regional del Programa Nacional de Inmunizaciones (PNI),\nJanet Vrsalovic, explic\u00f3 que \u201crealizamos una actividad con el fin de acercar la\nvacunaci\u00f3n contra el sarampi\u00f3n a los j\u00f3venes de 20 a 24 a\u00f1os y la actividad\nsuper\u00f3 nuestras expectativas. Logramos vacunar m\u00e1s de 50 personas y\nconsideramos que fue todo un \u00e9xito. El llamado a los j\u00f3venes a que se sigan\nacercando a los puntos de vacunaci\u00f3n. Esta campa\u00f1a contin\u00faa y estaremos\ndesarrollando actividades en los diferentes centros de educaci\u00f3n superior\u201d.<\/p>\n\n\n\n<p>En la ocasi\u00f3n se reiter\u00f3 que esta\nvacuna es gratuita en los vacunatorios de la red p\u00fablica de salud y privados en\nconvenio (Cl\u00ednica Magallanes y Megasalud). Pueden acceder a ella todos los\nresidentes del pa\u00eds que se encuentren en el rango de edad antes mencionado.<\/p>\n\n\n\n<p>Esta\ncampa\u00f1a forma parte de las acciones de prevenci\u00f3n implementadas por el\nMinisterio de Salud frente a la aparici\u00f3n de casos importados de Sarampi\u00f3n, con\nla cual se busca reforzar y poner al d\u00eda la vacunaci\u00f3n de los j\u00f3venes de edades\nentre 20 a\u00f1os y 24 a\u00f1os, 11 meses y 29 d\u00edas. <\/p>\n\n\n\n<p>En Magallanes la poblaci\u00f3n objetivo estimada de esta campa\u00f1a es de 11.133 personas. Al 10 de marzo de 2019 la cobertura en la regi\u00f3n alcanza el 48,6%, con 5.399 personas vacunadas. <\/p>\n\n\n\n<figure class=\"wp-block-image\"><img loading=\"lazy\" decoding=\"async\" width=\"1024\" height=\"683\" src=\"https:\/\/www.radiopresidenteibanez.cl\/web\/wp-content\/uploads\/2019\/03\/ROD_2818-Copiar-1024x683.jpg\" alt=\"\" class=\"wp-image-2370\" srcset=\"https:\/\/www.radiopresidenteibanez.cl\/web\/wp-content\/uploads\/2019\/03\/ROD_2818-Copiar-1024x683.jpg 1024w, https:\/\/www.radiopresidenteibanez.cl\/web\/wp-content\/uploads\/2019\/03\/ROD_2818-Copiar-300x200.jpg 300w, https:\/\/www.radiopresidenteibanez.cl\/web\/wp-content\/uploads\/2019\/03\/ROD_2818-Copiar-768x512.jpg 768w, https:\/\/www.radiopresidenteibanez.cl\/web\/wp-content\/uploads\/2019\/03\/ROD_2818-Copiar.jpg 1152w\" sizes=\"auto, (max-width: 1024px) 100vw, 1024px\" \/><\/figure>\n","protected":false},"excerpt":{"rendered":"<p>Todo un \u00e9xito result\u00f3 el punto de vacunaci\u00f3n nocturno contra el sarampi\u00f3n para j\u00f3venes organizado el pasado viernes 15 de marzo por la SEREMI, el Servicio de Salud Magallanes y&#8230; <a class=\"read-more\" href=\"https:\/\/www.radiopresidenteibanez.cl\/web\/mas-de-50-jovenes-se-vacunaron-contra-el-sarampion-en-operativo-nocturno-organizado-por-sector-salud-en-av-bulnes-con-ovejero\/\">Leer m\u00e1s<\/a><\/p>\n","protected":false},"author":2,"featured_media":2370,"comment_status":"closed","ping_status":"closed","sticky":false,"template":"","format":"standard","meta":{"footnotes":""},"categories":[1],"tags":[],"class_list":["post-2369","post","type-post","status-publish","format-standard","has-post-thumbnail","hentry","category-cronica"],"_links":{"self":[{"href":"https:\/\/www.radiopresidenteibanez.cl\/web\/wp-json\/wp\/v2\/posts\/2369","targetHints":{"allow":["GET"]}}],"collection":[{"href":"https:\/\/www.radiopresidenteibanez.cl\/web\/wp-json\/wp\/v2\/posts"}],"about":[{"href":"https:\/\/www.radiopresidenteibanez.cl\/web\/wp-json\/wp\/v2\/types\/post"}],"author":[{"embeddable":true,"href":"https:\/\/www.radiopresidenteibanez.cl\/web\/wp-json\/wp\/v2\/users\/2"}],"replies":[{"embeddable":true,"href":"https:\/\/www.radiopresidenteibanez.cl\/web\/wp-json\/wp\/v2\/comments?post=2369"}],"version-history":[{"count":0,"href":"https:\/\/www.radiopresidenteibanez.cl\/web\/wp-json\/wp\/v2\/posts\/2369\/revisions"}],"wp:featuredmedia":[{"embeddable":true,"href":"https:\/\/www.radiopresidenteibanez.cl\/web\/wp-json\/wp\/v2\/media\/2370"}],"wp:attachment":[{"href":"https:\/\/www.radiopresidenteibanez.cl\/web\/wp-json\/wp\/v2\/media?parent=2369"}],"wp:term":[{"taxonomy":"category","embeddable":true,"href":"https:\/\/www.radiopresidenteibanez.cl\/web\/wp-json\/wp\/v2\/categories?post=2369"},{"taxonomy":"post_tag","embeddable":true,"href":"https:\/\/www.radiopresidenteibanez.cl\/web\/wp-json\/wp\/v2\/tags?post=2369"}],"curies":[{"name":"wp","href":"https:\/\/api.w.org\/{rel}","templated":true}]}}