{"id":2366,"date":"2019-03-18T23:16:22","date_gmt":"2019-03-18T23:16:22","guid":{"rendered":"http:\/\/www.radiopresidenteibanez.cl\/web\/?p=2366"},"modified":"2019-03-18T23:17:00","modified_gmt":"2019-03-18T23:17:00","slug":"cpc-magallanes-expresa-preocupacion-del-empresariado-por-tarifas-de-la-epa-y-cuestionamiento-por-concesiones-de-salmonicultura-a-intendente-jose-fernandez","status":"publish","type":"post","link":"https:\/\/www.radiopresidenteibanez.cl\/web\/cpc-magallanes-expresa-preocupacion-del-empresariado-por-tarifas-de-la-epa-y-cuestionamiento-por-concesiones-de-salmonicultura-a-intendente-jose-fernandez\/","title":{"rendered":"CPC MAGALLANES EXPRESA PREOCUPACI\u00d3N DEL EMPRESARIADO POR TARIFAS DE LA EPA Y CUESTIONAMIENTO POR CONCESIONES DE SALMONICULTURA A INTENDENTE JOS\u00c9 FERN\u00c1NDEZ"},"content":{"rendered":"\n<p>Con prop\u00f3sito de realizar un saludo protocolar al Intendente Jos\u00e9 Fern\u00e1ndez, representantes de CPC Magallanes mantuvieron esta ma\u00f1ana a una reuni\u00f3n con la primera autoridad regional en la que tambi\u00e9n se le expres\u00f3 la preocupaci\u00f3n de los empresarios por el aumento de las tarifas de la Epa y los cuestionamientos que est\u00e1 recibiendo la actividad salmonicultora especialmente en Puerto Williams.<\/p>\n\n\n\n<p>Durante el encuentro el sector privado tambi\u00e9n manifest\u00f3 la necesidad de realizar un trabajo mancomunado con las autoridades del Estado con el prop\u00f3sito de coordinar objetivos y acciones comunes por el bien de la regi\u00f3n.<\/p>\n\n\n\n<p>En ese sentido, se relev\u00f3 el trabajo que CPC Magallanes realiza con la seremi de Econom\u00eda para la conformaci\u00f3n de un Observatorio Regional con el prop\u00f3sito de contar con estad\u00edsticas locales que hoy no existen y que son muy necesarias para la toma de decisiones de los distintos sectores de la econom\u00eda regional.<\/p>\n\n\n\n<figure class=\"wp-block-image\"><img loading=\"lazy\" decoding=\"async\" width=\"900\" height=\"598\" src=\"https:\/\/www.radiopresidenteibanez.cl\/web\/wp-content\/uploads\/2019\/03\/DSC09843.jpg\" alt=\"\" class=\"wp-image-2367\" srcset=\"https:\/\/www.radiopresidenteibanez.cl\/web\/wp-content\/uploads\/2019\/03\/DSC09843.jpg 900w, https:\/\/www.radiopresidenteibanez.cl\/web\/wp-content\/uploads\/2019\/03\/DSC09843-300x199.jpg 300w, https:\/\/www.radiopresidenteibanez.cl\/web\/wp-content\/uploads\/2019\/03\/DSC09843-768x510.jpg 768w\" sizes=\"auto, (max-width: 900px) 100vw, 900px\" \/><\/figure>\n\n\n\n<p>\u201cTuvimos una reuni\u00f3n muy cordial con el Intendente Jos\u00e9 Fern\u00e1ndez a quien manifestamos nuestro deseo de que su gesti\u00f3n sea muy exitosa porque de esa forma nos vamos a beneficiar todos quienes habitamos la regi\u00f3n m\u00e1s austral del mundo\u201d, dijo al finalizar el encuentro, Alejandro Kusanovic, Presidente de CPC Magallanes.<\/p>\n\n\n\n<p><br><\/p>\n","protected":false},"excerpt":{"rendered":"<p>Con prop\u00f3sito de realizar un saludo protocolar al Intendente Jos\u00e9 Fern\u00e1ndez, representantes de CPC Magallanes mantuvieron esta ma\u00f1ana a una reuni\u00f3n con la primera autoridad regional en la que tambi\u00e9n&#8230; <a class=\"read-more\" href=\"https:\/\/www.radiopresidenteibanez.cl\/web\/cpc-magallanes-expresa-preocupacion-del-empresariado-por-tarifas-de-la-epa-y-cuestionamiento-por-concesiones-de-salmonicultura-a-intendente-jose-fernandez\/\">Leer m\u00e1s<\/a><\/p>\n","protected":false},"author":2,"featured_media":2367,"comment_status":"closed","ping_status":"closed","sticky":false,"template":"","format":"standard","meta":{"footnotes":""},"categories":[1],"tags":[],"class_list":["post-2366","post","type-post","status-publish","format-standard","has-post-thumbnail","hentry","category-cronica"],"_links":{"self":[{"href":"https:\/\/www.radiopresidenteibanez.cl\/web\/wp-json\/wp\/v2\/posts\/2366","targetHints":{"allow":["GET"]}}],"collection":[{"href":"https:\/\/www.radiopresidenteibanez.cl\/web\/wp-json\/wp\/v2\/posts"}],"about":[{"href":"https:\/\/www.radiopresidenteibanez.cl\/web\/wp-json\/wp\/v2\/types\/post"}],"author":[{"embeddable":true,"href":"https:\/\/www.radiopresidenteibanez.cl\/web\/wp-json\/wp\/v2\/users\/2"}],"replies":[{"embeddable":true,"href":"https:\/\/www.radiopresidenteibanez.cl\/web\/wp-json\/wp\/v2\/comments?post=2366"}],"version-history":[{"count":0,"href":"https:\/\/www.radiopresidenteibanez.cl\/web\/wp-json\/wp\/v2\/posts\/2366\/revisions"}],"wp:featuredmedia":[{"embeddable":true,"href":"https:\/\/www.radiopresidenteibanez.cl\/web\/wp-json\/wp\/v2\/media\/2367"}],"wp:attachment":[{"href":"https:\/\/www.radiopresidenteibanez.cl\/web\/wp-json\/wp\/v2\/media?parent=2366"}],"wp:term":[{"taxonomy":"category","embeddable":true,"href":"https:\/\/www.radiopresidenteibanez.cl\/web\/wp-json\/wp\/v2\/categories?post=2366"},{"taxonomy":"post_tag","embeddable":true,"href":"https:\/\/www.radiopresidenteibanez.cl\/web\/wp-json\/wp\/v2\/tags?post=2366"}],"curies":[{"name":"wp","href":"https:\/\/api.w.org\/{rel}","templated":true}]}}