{"id":23657,"date":"2021-09-03T13:33:00","date_gmt":"2021-09-03T16:33:00","guid":{"rendered":"https:\/\/www.radiopresidenteibanez.cl\/web\/?p=23657"},"modified":"2021-09-03T11:59:15","modified_gmt":"2021-09-03T14:59:15","slug":"con-recoleccion-de-tapas-de-plastico-jardin-infantil-las-charitas-celebra-su-aniversario-numero-27","status":"publish","type":"post","link":"https:\/\/www.radiopresidenteibanez.cl\/web\/con-recoleccion-de-tapas-de-plastico-jardin-infantil-las-charitas-celebra-su-aniversario-numero-27\/","title":{"rendered":"CON RECOLECCION DE TAPAS DE PLASTICO JARDIN INFANTIL \u201cLAS CHARITAS\u201d CELEBRA SU ANIVERSARIO NUMERO 27"},"content":{"rendered":"\n<p>27 a\u00f1os de existencia celebra el establecimiento \u201cLas Charitas\u201d de Punta Arenas, el que es administrado por la Junta Nacional de Jardines Infantiles (JUNJI). El recinto est\u00e1 ubicado en calle Suiza 01495 y es dirigido por la educadora Patricia Delgado Toledo.<\/p>\n\n\n\n<p>Una de las actividades m\u00e1s importantes para la conmemoraci\u00f3n fue el lanzamiento de una campa\u00f1a de recolecci\u00f3n de tapas de pl\u00e1stico para apoyar a las familias de ni\u00f1os que sufren c\u00e1ncer. La vicepresidenta del Club de Leones Mujer Austral, Carolina Castro Rojas, explic\u00f3 que este material se entrega a las Damas de Caf\u00e9, las que lo venden para mantener la casa de acogida \u201cOncohogar\u201d, que funciona en Santiago y recibe a ni\u00f1os de otras zonas que se tratan en el Hospital \u201cDoctor Luis Calvo Mackenna\u201d.<\/p>\n\n\n\n<p>\u201cEl llamado es a reunir muchas tapitas, con lo que igual se aporta al cuidado del medio ambiente. Sacos de 50 kilos de tapas se van a Santiago en camiones de empresas que aportan. El a\u00f1o 2020 logramos enviar m\u00e1s de 200 sacos, con los que juntamos $610.000\u201d, detall\u00f3 Carolina, quien destac\u00f3 que esta cruzada tiene que ver con el servicio humanitario que prestan como Club de Leones.<\/p>\n\n\n\n<p>Patricia Delgado inform\u00f3 que tambi\u00e9n est\u00e1n siendo reunidas pilas en contenedores especialmente habilitados a la entrada del recinto. \u201cEstos contenedores est\u00e1n rotulados para que todos se acerquen a hacer entregas. Es una campa\u00f1a sencilla pero todos vamos sumando a cuidar el \u00fanico planeta que tenemos\u201d, dijo.&nbsp;&nbsp;<\/p>\n\n\n\n<p>Para celebrar los 27 a\u00f1os de \u201cLas Charitas\u201d hubo actividades dirigidas tanto a los p\u00e1rvulos que asisten de forma presencial como para aquellos que siguen en acciones remotas. \u201cHicimos fomento a la lectura, actividad f\u00edsica y cuidado del entorno\u201d, agreg\u00f3.&nbsp;<\/p>\n\n\n\n<p>La Directora Regional (S) de la JUNJI de Magallanes y de la Ant\u00e1rtica Chilena, Marisol Villegas N\u00fa\u00f1ez, felicit\u00f3 a la comunidad educativa de \u201cLas Charitas\u201d en este nuevo cumplea\u00f1os. \u201cEste establecimiento ha ido creciendo con el sector norte de Punta Arenas, donde hoy hay m\u00e1s recintos institucionales, los que han surgido en los \u00faltimos a\u00f1os. Se trata de una de nuestras unidades m\u00e1s representativas y siempre a la vanguardia en educaci\u00f3n parvularia, que ha dejado una imborrable huella en generaciones de familias del sector y de toda la ciudad. Estamos orgullosos del progreso y desarrollo que han experimentado y esperamos que cumplan muchos a\u00f1os m\u00e1s, llenos de \u00e9xitos y satisfacciones\u201d, concluy\u00f3.<\/p>\n","protected":false},"excerpt":{"rendered":"<p>27 a\u00f1os de existencia celebra el establecimiento \u201cLas Charitas\u201d de Punta Arenas, el que es administrado por la Junta Nacional de Jardines Infantiles (JUNJI). El recinto est\u00e1 ubicado en calle&#8230; <a class=\"read-more\" href=\"https:\/\/www.radiopresidenteibanez.cl\/web\/con-recoleccion-de-tapas-de-plastico-jardin-infantil-las-charitas-celebra-su-aniversario-numero-27\/\">Leer m\u00e1s<\/a><\/p>\n","protected":false},"author":2,"featured_media":23658,"comment_status":"closed","ping_status":"closed","sticky":false,"template":"","format":"standard","meta":{"footnotes":""},"categories":[1],"tags":[],"class_list":["post-23657","post","type-post","status-publish","format-standard","has-post-thumbnail","hentry","category-cronica"],"_links":{"self":[{"href":"https:\/\/www.radiopresidenteibanez.cl\/web\/wp-json\/wp\/v2\/posts\/23657","targetHints":{"allow":["GET"]}}],"collection":[{"href":"https:\/\/www.radiopresidenteibanez.cl\/web\/wp-json\/wp\/v2\/posts"}],"about":[{"href":"https:\/\/www.radiopresidenteibanez.cl\/web\/wp-json\/wp\/v2\/types\/post"}],"author":[{"embeddable":true,"href":"https:\/\/www.radiopresidenteibanez.cl\/web\/wp-json\/wp\/v2\/users\/2"}],"replies":[{"embeddable":true,"href":"https:\/\/www.radiopresidenteibanez.cl\/web\/wp-json\/wp\/v2\/comments?post=23657"}],"version-history":[{"count":0,"href":"https:\/\/www.radiopresidenteibanez.cl\/web\/wp-json\/wp\/v2\/posts\/23657\/revisions"}],"wp:featuredmedia":[{"embeddable":true,"href":"https:\/\/www.radiopresidenteibanez.cl\/web\/wp-json\/wp\/v2\/media\/23658"}],"wp:attachment":[{"href":"https:\/\/www.radiopresidenteibanez.cl\/web\/wp-json\/wp\/v2\/media?parent=23657"}],"wp:term":[{"taxonomy":"category","embeddable":true,"href":"https:\/\/www.radiopresidenteibanez.cl\/web\/wp-json\/wp\/v2\/categories?post=23657"},{"taxonomy":"post_tag","embeddable":true,"href":"https:\/\/www.radiopresidenteibanez.cl\/web\/wp-json\/wp\/v2\/tags?post=23657"}],"curies":[{"name":"wp","href":"https:\/\/api.w.org\/{rel}","templated":true}]}}