{"id":23652,"date":"2021-09-03T11:48:00","date_gmt":"2021-09-03T14:48:00","guid":{"rendered":"https:\/\/www.radiopresidenteibanez.cl\/web\/?p=23652"},"modified":"2021-09-03T10:51:25","modified_gmt":"2021-09-03T13:51:25","slug":"comenzo-normalizacion-y-mejoramiento-de-12-lomos-de-toro","status":"publish","type":"post","link":"https:\/\/www.radiopresidenteibanez.cl\/web\/comenzo-normalizacion-y-mejoramiento-de-12-lomos-de-toro\/","title":{"rendered":"COMENZ\u00d3 NORMALIZACI\u00d3N Y MEJORAMIENTO DE 12 \u201cLOMOS DE TORO\u201d"},"content":{"rendered":"\n<p>Durante el mes de septiembre y octubre, la Municipalidad de Punta Arenas, a trav\u00e9s de la Direcci\u00f3n de Tr\u00e1nsito comenz\u00f3 los trabajos de reparaci\u00f3n y normalizaci\u00f3n de Resaltos Reductores de Velocidad en 12 puntos de la ciudad.<\/p>\n\n\n\n<p>As\u00ed lo inform\u00f3 el Alcalde Claudio Radonich junto al Director de Tr\u00e1nsito, Marcel Berm\u00fadez, quienes llegaron hasta la intersecci\u00f3n de Avenida Espa\u00f1a y Jos\u00e9 Gonz\u00e1lez en el sector norte de la comuna, uno de los puntos que ser\u00e1 intervenido para su mejoramiento.<\/p>\n\n\n\n<p>\u201cRetomamos los trabajos de reposici\u00f3n y de construcci\u00f3n de resaltos en diversos puntos de la ciudad, para concluir durante octubre, con 12 espacios que ser\u00e1n intervenidos con una inversi\u00f3n de m\u00e1s de 200 millones de pesos, lo que es fundamental en una ciudad que cuenta con la mayor cantidad de veh\u00edculos per c\u00e1pita de todo Chile\u201d, recalc\u00f3 Radonich.<\/p>\n\n\n\n<p>Por su parte, Marcel Berm\u00fadez, Director de Tr\u00e1nsito, agreg\u00f3 que \u201cefectivamente, comenzamos con varias reparaciones de resaltos, sobre todo los que se encuentran fuera de norma, ya que hay que considerar que la normalizaci\u00f3n nos toma cerca de 30 d\u00edas, tomando en cuenta el factor clim\u00e1tico, lo que nos impide trabajar en condiciones adversas, como son temperaturas menores a 5 grados Celsius o lluvia\u201d.<\/p>\n\n\n\n<p>Berm\u00fadez plante\u00f3 adem\u00e1s que \u201cesto es una mejora para la ciudad, y lo que buscamos es que se respeten las normas de tr\u00e1nsito. En este momento estamos trabajando en calle Jos\u00e9 Gonz\u00e1lez con Avenida Espa\u00f1a, en ambas calzadas, as\u00ed como tambi\u00e9n en Manantiales\u201d.<\/p>\n\n\n\n<p>Los trabajos continuar\u00e1n durante todo septiembre en diversos puntos de la ciudad, como son: Otto Maggens, Mardones, Villa Las Nieves y otros puntos donde existen inconvenientes asociados.<\/p>\n\n\n\n<p>Finalmente, el jefe comunal reiter\u00f3 que este es un esfuerzo municipal por brindar mayor seguridad vial a los automovilistas, pero tambi\u00e9n a los peatones.<\/p>\n","protected":false},"excerpt":{"rendered":"<p>Durante el mes de septiembre y octubre, la Municipalidad de Punta Arenas, a trav\u00e9s de la Direcci\u00f3n de Tr\u00e1nsito comenz\u00f3 los trabajos de reparaci\u00f3n y normalizaci\u00f3n de Resaltos Reductores de&#8230; <a class=\"read-more\" href=\"https:\/\/www.radiopresidenteibanez.cl\/web\/comenzo-normalizacion-y-mejoramiento-de-12-lomos-de-toro\/\">Leer m\u00e1s<\/a><\/p>\n","protected":false},"author":2,"featured_media":23653,"comment_status":"closed","ping_status":"closed","sticky":false,"template":"","format":"standard","meta":{"footnotes":""},"categories":[1],"tags":[],"class_list":["post-23652","post","type-post","status-publish","format-standard","has-post-thumbnail","hentry","category-cronica"],"_links":{"self":[{"href":"https:\/\/www.radiopresidenteibanez.cl\/web\/wp-json\/wp\/v2\/posts\/23652","targetHints":{"allow":["GET"]}}],"collection":[{"href":"https:\/\/www.radiopresidenteibanez.cl\/web\/wp-json\/wp\/v2\/posts"}],"about":[{"href":"https:\/\/www.radiopresidenteibanez.cl\/web\/wp-json\/wp\/v2\/types\/post"}],"author":[{"embeddable":true,"href":"https:\/\/www.radiopresidenteibanez.cl\/web\/wp-json\/wp\/v2\/users\/2"}],"replies":[{"embeddable":true,"href":"https:\/\/www.radiopresidenteibanez.cl\/web\/wp-json\/wp\/v2\/comments?post=23652"}],"version-history":[{"count":0,"href":"https:\/\/www.radiopresidenteibanez.cl\/web\/wp-json\/wp\/v2\/posts\/23652\/revisions"}],"wp:featuredmedia":[{"embeddable":true,"href":"https:\/\/www.radiopresidenteibanez.cl\/web\/wp-json\/wp\/v2\/media\/23653"}],"wp:attachment":[{"href":"https:\/\/www.radiopresidenteibanez.cl\/web\/wp-json\/wp\/v2\/media?parent=23652"}],"wp:term":[{"taxonomy":"category","embeddable":true,"href":"https:\/\/www.radiopresidenteibanez.cl\/web\/wp-json\/wp\/v2\/categories?post=23652"},{"taxonomy":"post_tag","embeddable":true,"href":"https:\/\/www.radiopresidenteibanez.cl\/web\/wp-json\/wp\/v2\/tags?post=23652"}],"curies":[{"name":"wp","href":"https:\/\/api.w.org\/{rel}","templated":true}]}}