{"id":2363,"date":"2019-03-18T23:12:04","date_gmt":"2019-03-18T23:12:04","guid":{"rendered":"http:\/\/www.radiopresidenteibanez.cl\/web\/?p=2363"},"modified":"2019-03-18T23:12:29","modified_gmt":"2019-03-18T23:12:29","slug":"ninos-jovenes-y-adultos-de-puerto-natales-culminaron-con-exito-diversos-talleres-artisticos-culturales-en-el-cierre-de-verano","status":"publish","type":"post","link":"https:\/\/www.radiopresidenteibanez.cl\/web\/ninos-jovenes-y-adultos-de-puerto-natales-culminaron-con-exito-diversos-talleres-artisticos-culturales-en-el-cierre-de-verano\/","title":{"rendered":"NI\u00d1OS, JOVENES Y ADULTOS DE PUERTO NATALES CULMINARON CON \u00c9XITO DIVERSOS TALLERES ARTISTICOS CULTURALES EN EL CIERRE DE VERANO"},"content":{"rendered":"\n<p>En las\ndependencias del Espacio Cultural Natalis, la Ilustre Municipalidad de Natales &nbsp;y la Corporaci\u00f3n de Cultura, Turismo y\nPatrimonio dieron por terminado los talleres de verano 2019. Para finalizar\nesta etapa, los ni\u00f1os deleitaron con un show musical mediante instrumentos de\ncuerdas y viento a las autoridades presentes, entre ellas la Gobernadora de la\nProvincia Ana Mayorga, el Alcalde de la comuna Fernando Paredes Mansilla junto\nal Concejo Municipal y la Seremi de Cultura Katherine Ibacache.<\/p>\n\n\n\n<p>&nbsp;Este programa se desarroll\u00f3 durante diciembre,\nenero y febrero contando con la presencia de m\u00e1s de 60 alumnos que participaron\nen clases de viol\u00edn, piano, dibujo art\u00edstico y yoga. El proyecto cont\u00f3 con\napoyo de la Secretar\u00eda Regional Ministerial de cultura de Magallanes para la\nfinanciaci\u00f3n de los profesores de cada curso, adem\u00e1s de la corporaci\u00f3n y la\nmunicipalidad. Las actividades fueron en respuesta a las dificultades de los\npadres natalinos al momento de dejar a sus hijos solos en las casas en la\ntemporada de vacaciones, d\u00e1ndole un valor agregado al verano con los talleres. <\/p>\n\n\n\n<p>Para el\nAlcalde de Natales, Fernando Paredes Mansilla, estos talleres de verano tienen\nun componente social para las familias, se\u00f1alando que \u201ccon este trabajo en\nconjunto hemos sido capaces de poder impulsar una agenda cultural que vaya en\ndirecto beneficio de nuestros ni\u00f1os, porque precisamente en estos gestos\nculturales es donde se genera el desarrollo. El mensaje que le estamos dando a\nnuestros ni\u00f1os es que es el compromiso del municipio, el compromiso del concejo\nmunicipal y de la Corporaci\u00f3n Municipal de Cultura que est\u00e1 trabajando durante\ntodo el a\u00f1o, de manera muy preferente en verano con estos talleres\u201d. El edil quiso\naprovechar la oportunidad para enviar un mensaje. \u201cHoy d\u00eda, reafirmar m\u00e1s que\nnunca esta necesidad que tenemos de un centro cultural. Ustedes pueden ver el\ngran problema de espacio que tenemos ac\u00e1 en este Centro Cultural Natalis; hace\nfalta un centro cultural ac\u00e1 en la ciudad. Por el bien de los ni\u00f1os yo espero que\nm\u00e1s temprano que tarde vamos a conseguir unidos con la comunidad este\nobjetivo\u201d.<\/p>\n\n\n\n<p>&nbsp;Por su parte, la Secretaria Regional Ministerial\nde Cultura de Magallanes, Katherine Ibacache, destac\u00f3 que para ella es muy\ngratificante participar en potenciar el trabajo asociativo. \u201cEstamos\nconvencidos que el futuro de Chile son estos ni\u00f1os y la formaci\u00f3n art\u00edstica es\nprimordial para que tengan una vida sana y una vida feliz\u201d. Con exposiciones\nart\u00edsticas y un show infantil, los ni\u00f1os participantes mostraron las\nhabilidades blandas adquiridas durante su estad\u00eda en los Talleres de Verano,\nimpresionando a las autoridades y a los apoderados presentes.<\/p>\n\n\n\n<p>El Director Ejecutivo de la Corporaci\u00f3n de Cultura, Alejandro Sobarzo, subray\u00f3 que est\u00e1n trabajando en la creaci\u00f3n de una escuela de m\u00fasica para que los ni\u00f1os puedan seguir avanzando y progresando en el desarrollo integral del instrumento o habilidad que aprendieron en el verano. Es por esto que est\u00e1n buscando formas de financiamiento para poder hacer realidad este ambicioso proyecto. <\/p>\n\n\n\n<figure class=\"wp-block-image\"><img loading=\"lazy\" decoding=\"async\" width=\"1024\" height=\"683\" src=\"https:\/\/www.radiopresidenteibanez.cl\/web\/wp-content\/uploads\/2019\/03\/039A0113-1024x683.jpg\" alt=\"\" class=\"wp-image-2364\" srcset=\"https:\/\/www.radiopresidenteibanez.cl\/web\/wp-content\/uploads\/2019\/03\/039A0113.jpg 1024w, https:\/\/www.radiopresidenteibanez.cl\/web\/wp-content\/uploads\/2019\/03\/039A0113-300x200.jpg 300w, https:\/\/www.radiopresidenteibanez.cl\/web\/wp-content\/uploads\/2019\/03\/039A0113-768x512.jpg 768w\" sizes=\"auto, (max-width: 1024px) 100vw, 1024px\" \/><\/figure>\n","protected":false},"excerpt":{"rendered":"<p>En las dependencias del Espacio Cultural Natalis, la Ilustre Municipalidad de Natales &nbsp;y la Corporaci\u00f3n de Cultura, Turismo y Patrimonio dieron por terminado los talleres de verano 2019. Para finalizar&#8230; <a class=\"read-more\" href=\"https:\/\/www.radiopresidenteibanez.cl\/web\/ninos-jovenes-y-adultos-de-puerto-natales-culminaron-con-exito-diversos-talleres-artisticos-culturales-en-el-cierre-de-verano\/\">Leer m\u00e1s<\/a><\/p>\n","protected":false},"author":2,"featured_media":2364,"comment_status":"closed","ping_status":"closed","sticky":false,"template":"","format":"standard","meta":{"footnotes":""},"categories":[1],"tags":[],"class_list":["post-2363","post","type-post","status-publish","format-standard","has-post-thumbnail","hentry","category-cronica"],"_links":{"self":[{"href":"https:\/\/www.radiopresidenteibanez.cl\/web\/wp-json\/wp\/v2\/posts\/2363","targetHints":{"allow":["GET"]}}],"collection":[{"href":"https:\/\/www.radiopresidenteibanez.cl\/web\/wp-json\/wp\/v2\/posts"}],"about":[{"href":"https:\/\/www.radiopresidenteibanez.cl\/web\/wp-json\/wp\/v2\/types\/post"}],"author":[{"embeddable":true,"href":"https:\/\/www.radiopresidenteibanez.cl\/web\/wp-json\/wp\/v2\/users\/2"}],"replies":[{"embeddable":true,"href":"https:\/\/www.radiopresidenteibanez.cl\/web\/wp-json\/wp\/v2\/comments?post=2363"}],"version-history":[{"count":0,"href":"https:\/\/www.radiopresidenteibanez.cl\/web\/wp-json\/wp\/v2\/posts\/2363\/revisions"}],"wp:featuredmedia":[{"embeddable":true,"href":"https:\/\/www.radiopresidenteibanez.cl\/web\/wp-json\/wp\/v2\/media\/2364"}],"wp:attachment":[{"href":"https:\/\/www.radiopresidenteibanez.cl\/web\/wp-json\/wp\/v2\/media?parent=2363"}],"wp:term":[{"taxonomy":"category","embeddable":true,"href":"https:\/\/www.radiopresidenteibanez.cl\/web\/wp-json\/wp\/v2\/categories?post=2363"},{"taxonomy":"post_tag","embeddable":true,"href":"https:\/\/www.radiopresidenteibanez.cl\/web\/wp-json\/wp\/v2\/tags?post=2363"}],"curies":[{"name":"wp","href":"https:\/\/api.w.org\/{rel}","templated":true}]}}