{"id":2360,"date":"2019-03-18T23:07:16","date_gmt":"2019-03-18T23:07:16","guid":{"rendered":"http:\/\/www.radiopresidenteibanez.cl\/web\/?p=2360"},"modified":"2019-03-18T23:07:28","modified_gmt":"2019-03-18T23:07:28","slug":"se-dio-inicio-al-proceso-de-postulacion-para-beca-porvenir-siembra-que-beneficia-a-estudiantes-de-la-comuna","status":"publish","type":"post","link":"https:\/\/www.radiopresidenteibanez.cl\/web\/se-dio-inicio-al-proceso-de-postulacion-para-beca-porvenir-siembra-que-beneficia-a-estudiantes-de-la-comuna\/","title":{"rendered":"SE DIO INICIO AL PROCESO DE POSTULACI\u00d3N PARA \u201cBECA PORVENIR SIEMBRA\u201d QUE BENEFICIA A ESTUDIANTES DE LA COMUNA"},"content":{"rendered":"\n<p>El Director del Departamento de Desarrollo\nSocial y Comunitario de la Ilustre Municipalidad de Porvenir, Ricardo Rozas\nPalma, informa a la Comunidad de Porvenir y especialmente a los alumnos de\neducaci\u00f3n superior interesados en el proceso de postulaci\u00f3n y renovaci\u00f3n de la\nBeca Municipal \u201cPorvenir Siembra\u201d 2019;&nbsp;\nque \u00e9sta comenz\u00f3 hoy lunes 18 de marzo. Este es un beneficio que entrega\nla municipalidad de Porvenir a los estudiantes de educaci\u00f3n superior y que son\nresidentes de nuestra comuna, el beneficio de esta beca consiste en la entrega\nmensual de &nbsp;50 mil pesos y favorece a 35\nestudiantes.<\/p>\n\n\n\n<p>El proceso\nse inici\u00f3 hoy 18 de marzo y se extender\u00e1 hasta el viernes 29 del mismo mes a\nlas 13: 00 horas.<\/p>\n\n\n\n<p>Los\nrequisitos para poder postular a la Beca son los siguientes:<\/p>\n\n\n\n<p>1.\nCursar estudios superiores en universidades o institutos reconocidos<\/p>\n\n\n\n<p>por el\nEstado o bien haberse matriculado, en caso de egresados del<\/p>\n\n\n\n<p>sistema\nde Educaci\u00f3n Media Local.<\/p>\n\n\n\n<p>2. No\npercibir ning\u00fan tipo de ayuda y\/o Beca Monetaria de similares<\/p>\n\n\n\n<p>caracter\u00edsticas.<\/p>\n\n\n\n<p>3.\nPoseer acreditaci\u00f3n de rendimiento estudiantil (todos los ramos<\/p>\n\n\n\n<p>aprobados\nel \u00faltimo a\u00f1o de estudio).<\/p>\n\n\n\n<p>4.\nAcreditar situaci\u00f3n socioecon\u00f3mica de manera fehaciente.<\/p>\n\n\n\n<p>5. Puede\npostular m\u00e1s de un integrante del grupo familiar.<\/p>\n\n\n\n<p>Para\nacudir a entrevistarse con el Trabajador Social debe llevar la<\/p>\n\n\n\n<p>siguiente\ndocumentaci\u00f3n:<\/p>\n\n\n\n<p>\uf0b7\nCertificado de Matr\u00edcula o Certificado Alumno Regular 2019 (original).<\/p>\n\n\n\n<p>\uf0b7\nCertificado de Notas del \u00daltimo a\u00f1o de estudio (1\u00b0 y 2\u00b0 semestre<\/p>\n\n\n\n<p>2018.\n(original).<\/p>\n\n\n\n<p>\uf0b7\nFotocopia Carn\u00e9 Identidad del Postulante.<\/p>\n\n\n\n<p>\uf0b7\nCertificado medico en caso de acreditar enfermedad.<\/p>\n\n\n\n<p>\uf0b7\nCertificado de alumno regular de hermanos estudiantes.<\/p>\n\n\n\n<p>\uf0b7\nCartola Registro Social de Hogar.<\/p>\n\n\n\n<p>El plazo\nde postulaci\u00f3n es hasta el viernes 29 de marzo a las 13:00 hrs.<\/p>\n\n\n\n<p>Cualquier consulta pueden comunicarse al fono 612581189 o por correo electr\u00f3nico rrozas@muniporvenir<\/p>\n\n\n\n<figure class=\"wp-block-image\"><img loading=\"lazy\" decoding=\"async\" width=\"1024\" height=\"576\" src=\"https:\/\/www.radiopresidenteibanez.cl\/web\/wp-content\/uploads\/2019\/03\/Municipalidad-1024x576.jpg\" alt=\"\" class=\"wp-image-2361\" srcset=\"https:\/\/www.radiopresidenteibanez.cl\/web\/wp-content\/uploads\/2019\/03\/Municipalidad-1024x576.jpg 1024w, https:\/\/www.radiopresidenteibanez.cl\/web\/wp-content\/uploads\/2019\/03\/Municipalidad-300x169.jpg 300w, https:\/\/www.radiopresidenteibanez.cl\/web\/wp-content\/uploads\/2019\/03\/Municipalidad-768x432.jpg 768w, https:\/\/www.radiopresidenteibanez.cl\/web\/wp-content\/uploads\/2019\/03\/Municipalidad.jpg 1440w\" sizes=\"auto, (max-width: 1024px) 100vw, 1024px\" \/><\/figure>\n","protected":false},"excerpt":{"rendered":"<p>El Director del Departamento de Desarrollo Social y Comunitario de la Ilustre Municipalidad de Porvenir, Ricardo Rozas Palma, informa a la Comunidad de Porvenir y especialmente a los alumnos de&#8230; <a class=\"read-more\" href=\"https:\/\/www.radiopresidenteibanez.cl\/web\/se-dio-inicio-al-proceso-de-postulacion-para-beca-porvenir-siembra-que-beneficia-a-estudiantes-de-la-comuna\/\">Leer m\u00e1s<\/a><\/p>\n","protected":false},"author":2,"featured_media":2361,"comment_status":"closed","ping_status":"closed","sticky":false,"template":"","format":"standard","meta":{"footnotes":""},"categories":[1],"tags":[],"class_list":["post-2360","post","type-post","status-publish","format-standard","has-post-thumbnail","hentry","category-cronica"],"_links":{"self":[{"href":"https:\/\/www.radiopresidenteibanez.cl\/web\/wp-json\/wp\/v2\/posts\/2360","targetHints":{"allow":["GET"]}}],"collection":[{"href":"https:\/\/www.radiopresidenteibanez.cl\/web\/wp-json\/wp\/v2\/posts"}],"about":[{"href":"https:\/\/www.radiopresidenteibanez.cl\/web\/wp-json\/wp\/v2\/types\/post"}],"author":[{"embeddable":true,"href":"https:\/\/www.radiopresidenteibanez.cl\/web\/wp-json\/wp\/v2\/users\/2"}],"replies":[{"embeddable":true,"href":"https:\/\/www.radiopresidenteibanez.cl\/web\/wp-json\/wp\/v2\/comments?post=2360"}],"version-history":[{"count":0,"href":"https:\/\/www.radiopresidenteibanez.cl\/web\/wp-json\/wp\/v2\/posts\/2360\/revisions"}],"wp:featuredmedia":[{"embeddable":true,"href":"https:\/\/www.radiopresidenteibanez.cl\/web\/wp-json\/wp\/v2\/media\/2361"}],"wp:attachment":[{"href":"https:\/\/www.radiopresidenteibanez.cl\/web\/wp-json\/wp\/v2\/media?parent=2360"}],"wp:term":[{"taxonomy":"category","embeddable":true,"href":"https:\/\/www.radiopresidenteibanez.cl\/web\/wp-json\/wp\/v2\/categories?post=2360"},{"taxonomy":"post_tag","embeddable":true,"href":"https:\/\/www.radiopresidenteibanez.cl\/web\/wp-json\/wp\/v2\/tags?post=2360"}],"curies":[{"name":"wp","href":"https:\/\/api.w.org\/{rel}","templated":true}]}}