{"id":2355,"date":"2019-03-18T16:10:38","date_gmt":"2019-03-18T16:10:38","guid":{"rendered":"http:\/\/www.radiopresidenteibanez.cl\/web\/?p=2355"},"modified":"2019-03-18T16:11:22","modified_gmt":"2019-03-18T16:11:22","slug":"alumnos-y-alumnas-de-escuela-especial-club-de-leones-cruz-del-sur-viajaron-a-isla-magdalena","status":"publish","type":"post","link":"https:\/\/www.radiopresidenteibanez.cl\/web\/alumnos-y-alumnas-de-escuela-especial-club-de-leones-cruz-del-sur-viajaron-a-isla-magdalena\/","title":{"rendered":"ALUMNOS Y ALUMNAS DE ESCUELA ESPECIAL CLUB DE LEONES \u201cCRUZ DEL SUR\u201d VIAJARON A ISLA MAGDALENA"},"content":{"rendered":"\n<p>Y ahora fue el turno de los estudiantes de la Escuela Especial Club de Leones \u201cCruz del Sur\u201d, quienes, al igual que las mujeres beneficiarias de programas que desarrolla el Servicio nacional de la Mujer y Equidad de G\u00e9nero SERNAMEG que se trasladaron el lunes 11 de marzo a Isla Magdalena, tuvieron la oportunidad de conocer el Monumento Natural Los Ping\u00fcinos, \u00e1rea silvestre protegida bajo la administraci\u00f3n de la Corporaci\u00f3n Forestal (CONAF) &nbsp;en Magallanes.<\/p>\n\n\n\n<p>La visita respondi\u00f3 a una invitaci\u00f3n realizada en el mes de noviembre del a\u00f1o pasado por el director regional de CONAF, Mauricio V\u00e9jar, tras finalizar una actividad conjunta en la Reserva Nacional Magallanes con el centro educativo que atiende a ni\u00f1os, ni\u00f1as y j\u00f3venes con&nbsp; necesidades educativas especiales.<\/p>\n\n\n\n<p>El viaje se concret\u00f3 el jueves pasado con m\u00e1s de 40 alumnos y alumnas de la escuela, quienes viajaron acompa\u00f1ados de sus profesores y apoderados, a bordo de la nave Fiordos del Sur II, todo gracias a un convenio entre Conaf y la empresa Turismo Lago Grey, la cual realiza viajes tur\u00edsticos hacia Isla Magdalena.<\/p>\n\n\n\n<p>El administrador del Monumento Natural Los Ping\u00fcinos, Ricardo Cid, destac\u00f3 la iniciativa que busca por parte de Conaf beneficiar a aquellas personas u organizaciones que tienen menos posibilidades de acceso para llegar a estas \u00e1reas silvestres protegidas:<\/p>\n\n\n\n<p>\u201cLa visita a la isla dura una hora, se aprovecha las excelentes condiciones clim\u00e1ticas y la llegada de un ciclo que realizan los ping\u00fcinos donde se preparan&nbsp; en un viaje para diez d\u00edas m\u00e1s y donde ya empiezan a emigrar hacia el Atl\u00e1ntico\u201d.<\/p>\n\n\n\n<p>\u201cEl viaje lo encontr\u00e9 espectacular y pude ver muchos ping\u00fcinos. Me encant\u00f3\u00a0 y me siento muy bien\u201d se\u00f1al\u00f3 Paulina Hern\u00e1ndez G\u00f3mez, alumna de la escuela, tras retornar del viaje que dur\u00f3 cerca de 4 horas, favorecido por un clima de altas temperaturas y un trayecto de ida y vuelta hacia la Isla Magdalena sin novedades.<\/p>\n\n\n\n<ul class=\"wp-block-gallery columns-2 is-cropped wp-block-gallery-1 is-layout-flex wp-block-gallery-is-layout-flex\"><li class=\"blocks-gallery-item\"><figure><img loading=\"lazy\" decoding=\"async\" width=\"1024\" height=\"768\" src=\"https:\/\/www.radiopresidenteibanez.cl\/web\/wp-content\/uploads\/2019\/03\/El-recorrido-dura-aproximadamente-una-hora-en-el-MNLP-1024x768.jpg\" alt=\"\" data-id=\"2356\" data-link=\"https:\/\/www.radiopresidenteibanez.cl\/web\/?attachment_id=2356\" class=\"wp-image-2356\" srcset=\"https:\/\/www.radiopresidenteibanez.cl\/web\/wp-content\/uploads\/2019\/03\/El-recorrido-dura-aproximadamente-una-hora-en-el-MNLP-1024x768.jpg 1024w, https:\/\/www.radiopresidenteibanez.cl\/web\/wp-content\/uploads\/2019\/03\/El-recorrido-dura-aproximadamente-una-hora-en-el-MNLP-300x225.jpg 300w, https:\/\/www.radiopresidenteibanez.cl\/web\/wp-content\/uploads\/2019\/03\/El-recorrido-dura-aproximadamente-una-hora-en-el-MNLP-768x576.jpg 768w, https:\/\/www.radiopresidenteibanez.cl\/web\/wp-content\/uploads\/2019\/03\/El-recorrido-dura-aproximadamente-una-hora-en-el-MNLP.jpg 1152w\" sizes=\"auto, (max-width: 1024px) 100vw, 1024px\" \/><\/figure><\/li><li class=\"blocks-gallery-item\"><figure><img loading=\"lazy\" decoding=\"async\" width=\"1024\" height=\"768\" src=\"https:\/\/www.radiopresidenteibanez.cl\/web\/wp-content\/uploads\/2019\/03\/Entusiasmados-con-la-experiencia-los-alumnos-y-alumnas-de-la-escuela-especial-comienzan-a-despedirse-de-esta-\u00e1rea-silvestre-protegida-administrada-por-Conaf-1024x768.jpg\" alt=\"\" data-id=\"2357\" data-link=\"https:\/\/www.radiopresidenteibanez.cl\/web\/?attachment_id=2357\" class=\"wp-image-2357\" srcset=\"https:\/\/www.radiopresidenteibanez.cl\/web\/wp-content\/uploads\/2019\/03\/Entusiasmados-con-la-experiencia-los-alumnos-y-alumnas-de-la-escuela-especial-comienzan-a-despedirse-de-esta-\u00e1rea-silvestre-protegida-administrada-por-Conaf-1024x768.jpg 1024w, https:\/\/www.radiopresidenteibanez.cl\/web\/wp-content\/uploads\/2019\/03\/Entusiasmados-con-la-experiencia-los-alumnos-y-alumnas-de-la-escuela-especial-comienzan-a-despedirse-de-esta-\u00e1rea-silvestre-protegida-administrada-por-Conaf-300x225.jpg 300w, https:\/\/www.radiopresidenteibanez.cl\/web\/wp-content\/uploads\/2019\/03\/Entusiasmados-con-la-experiencia-los-alumnos-y-alumnas-de-la-escuela-especial-comienzan-a-despedirse-de-esta-\u00e1rea-silvestre-protegida-administrada-por-Conaf-768x576.jpg 768w, https:\/\/www.radiopresidenteibanez.cl\/web\/wp-content\/uploads\/2019\/03\/Entusiasmados-con-la-experiencia-los-alumnos-y-alumnas-de-la-escuela-especial-comienzan-a-despedirse-de-esta-\u00e1rea-silvestre-protegida-administrada-por-Conaf.jpg 1152w\" sizes=\"auto, (max-width: 1024px) 100vw, 1024px\" \/><\/figure><\/li><\/ul>\n","protected":false},"excerpt":{"rendered":"<p>Y ahora fue el turno de los estudiantes de la Escuela Especial Club de Leones \u201cCruz del Sur\u201d, quienes, al igual que las mujeres beneficiarias de programas que desarrolla el&#8230; <a class=\"read-more\" href=\"https:\/\/www.radiopresidenteibanez.cl\/web\/alumnos-y-alumnas-de-escuela-especial-club-de-leones-cruz-del-sur-viajaron-a-isla-magdalena\/\">Leer m\u00e1s<\/a><\/p>\n","protected":false},"author":2,"featured_media":2356,"comment_status":"closed","ping_status":"closed","sticky":false,"template":"","format":"standard","meta":{"footnotes":""},"categories":[1],"tags":[],"class_list":["post-2355","post","type-post","status-publish","format-standard","has-post-thumbnail","hentry","category-cronica"],"_links":{"self":[{"href":"https:\/\/www.radiopresidenteibanez.cl\/web\/wp-json\/wp\/v2\/posts\/2355","targetHints":{"allow":["GET"]}}],"collection":[{"href":"https:\/\/www.radiopresidenteibanez.cl\/web\/wp-json\/wp\/v2\/posts"}],"about":[{"href":"https:\/\/www.radiopresidenteibanez.cl\/web\/wp-json\/wp\/v2\/types\/post"}],"author":[{"embeddable":true,"href":"https:\/\/www.radiopresidenteibanez.cl\/web\/wp-json\/wp\/v2\/users\/2"}],"replies":[{"embeddable":true,"href":"https:\/\/www.radiopresidenteibanez.cl\/web\/wp-json\/wp\/v2\/comments?post=2355"}],"version-history":[{"count":0,"href":"https:\/\/www.radiopresidenteibanez.cl\/web\/wp-json\/wp\/v2\/posts\/2355\/revisions"}],"wp:featuredmedia":[{"embeddable":true,"href":"https:\/\/www.radiopresidenteibanez.cl\/web\/wp-json\/wp\/v2\/media\/2356"}],"wp:attachment":[{"href":"https:\/\/www.radiopresidenteibanez.cl\/web\/wp-json\/wp\/v2\/media?parent=2355"}],"wp:term":[{"taxonomy":"category","embeddable":true,"href":"https:\/\/www.radiopresidenteibanez.cl\/web\/wp-json\/wp\/v2\/categories?post=2355"},{"taxonomy":"post_tag","embeddable":true,"href":"https:\/\/www.radiopresidenteibanez.cl\/web\/wp-json\/wp\/v2\/tags?post=2355"}],"curies":[{"name":"wp","href":"https:\/\/api.w.org\/{rel}","templated":true}]}}