{"id":23539,"date":"2021-08-30T19:34:00","date_gmt":"2021-08-30T22:34:00","guid":{"rendered":"https:\/\/www.radiopresidenteibanez.cl\/web\/?p=23539"},"modified":"2021-08-30T17:06:28","modified_gmt":"2021-08-30T20:06:28","slug":"lanzan-semana-del-empleo-con-524-ofertas-laborales-para-magallanes","status":"publish","type":"post","link":"https:\/\/www.radiopresidenteibanez.cl\/web\/lanzan-semana-del-empleo-con-524-ofertas-laborales-para-magallanes\/","title":{"rendered":"LANZAN SEMANA DEL EMPLEO CON 524 OFERTAS LABORALES PARA MAGALLANES"},"content":{"rendered":"\n<p>Desde hoy, lunes 30 de agosto, hasta el jueves 2 de septiembre, se\ndesarrollar\u00e1 la \u201cSemana del Empleo\u201d, actividad organizada por el Servicio\nNacional de Capacitaci\u00f3n y Empleo (Sence) de car\u00e1cter nacional y que, entre\notras actividades, cuenta con una Feria Laboral en L\u00ednea que a nivel regional\nofrece un total de 524 ofertas de trabajo.<\/p>\n\n\n\n<p>Entre las \u00e1reas que hoy ofertan estas vacantes se encuentran:\nadministrativos, comercio, ventas, construcci\u00f3n, turismo, transportes,\nservicios, entre otras, que fueron gestionadas por el equipo regional de Sence\nMagallanes y las Oficinas Municipales de Intermediaci\u00f3n Laboral (OMIL) de Punta\nArenas y Puerto Natales.<\/p>\n\n\n\n<p>Sobre este evento, la Seremi del Trabajo, Victoria Cort\u00e9s, inform\u00f3 que: \u201cEstamos\nhaciendo el lanzamiento de esta Semana del Empleo, que parte hoy lunes 30 de\nagosto y se extiende hasta el d\u00eda jueves 2 de septiembre y lo que busca es\nentregar distintas herramientas para las personas que requieren un empleo, pero\ntambi\u00e9n para quienes deseen mejorar sus conocimientos y capacitarse\u201d.<\/p>\n\n\n\n<p>Seg\u00fan coment\u00f3 la secretaria regional, durante este evento se van a dictar\n16 cursos, entre charlas, seminarios y talleres de emprendimiento, apresto\nlaboral, entre otros, junto a lo cual se desarrollar\u00e1 una Feria de Empleo\nVirtual que, a nivel pa\u00eds, ofrece m\u00e1s de 70 mil cupos laborales y en la regi\u00f3n\ntiene 524 vacantes, entre ellas, de la empresa Grupo Eulen con un total de 35\npuestos.&nbsp; <\/p>\n\n\n\n<p>Para comentar sobre estos cupos, el jefe de Operaciones de la empresa\nEulen, Marcos Mar\u00edn, expres\u00f3 que \u201ces una gran oportunidad la que nos brinda\nSence para poder difundir los 35 puestos laborales que est\u00e1n disponibles en\nnuestra empresa para que las personas postulen. Las puertas est\u00e1n abiertas para\nquienes quieran acceder a un puesto de trabajo estable. Es una tremenda ayuda el\npoder ofertar estos puestos a trav\u00e9s de esta plataforma para que las personas\nque se han visto afectadas por la pandemia se puedan reinsertar y nosotros\npoder brindarles un sustento econ\u00f3mico a ellos\u201d.<\/p>\n\n\n\n<p>Las diversas actividades preparadas para esta semana \u2013incluyendo la Feria\nde Empleo- est\u00e1n ya disponibles, por lo que el director de Sence Magallanes,\nEnrique Hern\u00e1ndez, hizo el llamado a los interesados. \u201cLos invitamos a\nparticipar de esta Semana del Empleo donde habr\u00e1 informaci\u00f3n como, por ejemplo,\nrespecto de la incidencia del nacimiento de la industria del hidr\u00f3geno verde en\nMagallanes, as\u00ed como charlas de apresto laboral, donde se ense\u00f1ar\u00e1 c\u00f3mo\nconstruir un curr\u00edculum, c\u00f3mo enfrentar una entrevista, en definitiva, c\u00f3mo\nmejorar la empleabilidad. Tenemos una gran variedad de puestos de trabajo a\nnivel nacional y regional\u201d<\/p>\n\n\n\n<p>Para esto, se habilit\u00f3 durante esta semana un sitio especial para acceder\na las vacantes laborales y charlas del evento, que es <a href=\"http:\/\/www.semanadelempleo.cl\">www.semanadelempleo.cl<\/a>, no obstante,\ntambi\u00e9n se puede ingresar a trav\u00e9s del sitio <a href=\"http:\/\/www.sence.cl\">www.sence.cl<\/a>.\n<\/p>\n\n\n\n<p>La invitaci\u00f3n de las autoridades es a postular y a preferir los empleos\nformales y de calidad que se ofrecen a trav\u00e9s de este evento, reiterando que al\nsuscribir un contrato de trabajo no se perder\u00e1n los beneficios sociales\nadquiridos, sino que, adem\u00e1s, se podr\u00e1 acceder al IFE Laboral y, con ello,\naumentar los ingresos, por lo que el llamado es a atreverse e ingresar.<\/p>\n","protected":false},"excerpt":{"rendered":"<p>Desde hoy, lunes 30 de agosto, hasta el jueves 2 de septiembre, se desarrollar\u00e1 la \u201cSemana del Empleo\u201d, actividad organizada por el Servicio Nacional de Capacitaci\u00f3n y Empleo (Sence) de&#8230; <a class=\"read-more\" href=\"https:\/\/www.radiopresidenteibanez.cl\/web\/lanzan-semana-del-empleo-con-524-ofertas-laborales-para-magallanes\/\">Leer m\u00e1s<\/a><\/p>\n","protected":false},"author":2,"featured_media":23540,"comment_status":"closed","ping_status":"closed","sticky":false,"template":"","format":"standard","meta":{"footnotes":""},"categories":[1],"tags":[],"class_list":["post-23539","post","type-post","status-publish","format-standard","has-post-thumbnail","hentry","category-cronica"],"_links":{"self":[{"href":"https:\/\/www.radiopresidenteibanez.cl\/web\/wp-json\/wp\/v2\/posts\/23539","targetHints":{"allow":["GET"]}}],"collection":[{"href":"https:\/\/www.radiopresidenteibanez.cl\/web\/wp-json\/wp\/v2\/posts"}],"about":[{"href":"https:\/\/www.radiopresidenteibanez.cl\/web\/wp-json\/wp\/v2\/types\/post"}],"author":[{"embeddable":true,"href":"https:\/\/www.radiopresidenteibanez.cl\/web\/wp-json\/wp\/v2\/users\/2"}],"replies":[{"embeddable":true,"href":"https:\/\/www.radiopresidenteibanez.cl\/web\/wp-json\/wp\/v2\/comments?post=23539"}],"version-history":[{"count":0,"href":"https:\/\/www.radiopresidenteibanez.cl\/web\/wp-json\/wp\/v2\/posts\/23539\/revisions"}],"wp:featuredmedia":[{"embeddable":true,"href":"https:\/\/www.radiopresidenteibanez.cl\/web\/wp-json\/wp\/v2\/media\/23540"}],"wp:attachment":[{"href":"https:\/\/www.radiopresidenteibanez.cl\/web\/wp-json\/wp\/v2\/media?parent=23539"}],"wp:term":[{"taxonomy":"category","embeddable":true,"href":"https:\/\/www.radiopresidenteibanez.cl\/web\/wp-json\/wp\/v2\/categories?post=23539"},{"taxonomy":"post_tag","embeddable":true,"href":"https:\/\/www.radiopresidenteibanez.cl\/web\/wp-json\/wp\/v2\/tags?post=23539"}],"curies":[{"name":"wp","href":"https:\/\/api.w.org\/{rel}","templated":true}]}}