{"id":2348,"date":"2019-03-18T01:36:48","date_gmt":"2019-03-18T01:36:48","guid":{"rendered":"http:\/\/www.radiopresidenteibanez.cl\/web\/?p=2348"},"modified":"2019-03-18T01:36:57","modified_gmt":"2019-03-18T01:36:57","slug":"alcalde-fernando-paredes-aclara-situacion-de-la-plaza-23-de-enero","status":"publish","type":"post","link":"https:\/\/www.radiopresidenteibanez.cl\/web\/alcalde-fernando-paredes-aclara-situacion-de-la-plaza-23-de-enero\/","title":{"rendered":"ALCALDE FERNANDO PAREDES ACLARA SITUACI\u00d3N DE LA PLAZA 23 DE ENERO"},"content":{"rendered":"\n<p>Llegaron hasta la Alcald\u00eda, los miembros del equipo de\nprofesionales del Centro de Estudios de \u00daltima Esperanza y la \u201cAgrupaci\u00f3n\nM\u00e1rtires 23 de enero 1919\u201d para conversar sobre las placas instaladas en la\nnueva plaza 23 de enero. &nbsp;<\/p>\n\n\n\n<p>&nbsp;Esta plaza es\nparte de un proyecto que se encuentra en ejecuci\u00f3n y todav\u00eda no es inaugurada\npor el municipio. Producto de la confusi\u00f3n generada, el Alcalde de la comuna,\nFernando Paredes Mansilla quiso reunir a todas las partes para aclarar lo\nsucedido y generar una soluci\u00f3n de ra\u00edz que deje contento a todo Puerto\nNatales. <\/p>\n\n\n\n<p>El edil natalino, se\u00f1al\u00f3 que con esto se da una\nrespuesta r\u00e1pida y directa a este triste recuerdo vivido en la ciudad,\nindicando que \u201cnosotros le pedimos la colaboraci\u00f3n a estos tres historiadores para\nque nos hagan las placas, lo cual se agradece profundamente; y efectivamente ellos\nredactaron las placas. Ahora bien, la decisi\u00f3n de colocar las placas es del\nmunicipio y en eso quiero despejar que si en alg\u00fan momento se entendi\u00f3 que el\nalcalde o el municipio est\u00e1bamos tratando de deslindar responsabilidad en\nellos, no es as\u00ed, ellos en esto no tienen responsabilidad\u201d, destacando &nbsp;que \u201cla redacci\u00f3n de las placas la hicieron\nellos. Pero la responsabilidad del proyecto es del alcalde con todo su equipo y\nyo asumo esa responsabilidad\u201d.<\/p>\n\n\n\n<p>En la misma l\u00ednea, Paredes se mostr\u00f3 enf\u00e1tico en\nresaltar el hecho y no la pol\u00e9mica. \u201cHe determinado que la placa de los obreros\nse va a sacar y se va a colocar en el cementerio Padre Hurtado, en la Tumba de\nestos m\u00e1rtires. Tambi\u00e9n se va a mejorar la tumba donde est\u00e1n parte de los\nrestos y ah\u00ed se har\u00e1 un testimonio con respecto a la muerte de estos obreros.\nCon respecto a la placa de los carabineros, tambi\u00e9n va a ser retirada y se va a\nanalizar y estudiar en donde poder colocarla para que exista recuerdo de este\nlamentable hecho que enlut\u00f3 a Puerto Natales como ciudad. Y s\u00f3lo se mantendr\u00e1 una\nl\u00e1mina en la plaza 23 de enero, la cual &nbsp;va a hablar en un contexto general e hist\u00f3rico\ndel hecho sucedido hace 100 a\u00f1os\u201d. <\/p>\n\n\n\n<p>La m\u00e1xima autoridad comunal, instruir\u00e1 a la brevedad\nposible a la empresa que ejecuta las obras en la plaza 23 de enero con el fin\nde sacar las dos placas, la de carabineros y obreros, siendo reubicadas y\nquedando s\u00f3lo una en el lugar. <\/p>\n\n\n\n<p>Para finalizar el Alcalde destac\u00f3 que siempre est\u00e1 abierto al di\u00e1logo, disponible para conversar, buscando siempre llegar a un punto de consenso donde todos queden conformes y resalt\u00f3 la importancia de la recuperaci\u00f3n de un espacio p\u00fablico mediante la plaza 23 de enero para destacar el hecho en general. Adem\u00e1s, Paredes mencion\u00f3 que el sello de su gesti\u00f3n es poder trabajar los Proyectos directamente con los beneficiarios para que se pueda concretar lo que ellos mismos solicitan y que luego es materializado en un proyecto. \u00a0\u00a0<\/p>\n\n\n\n<figure class=\"wp-block-image\"><img loading=\"lazy\" decoding=\"async\" width=\"1024\" height=\"768\" src=\"http:\/\/www.radiopresidenteibanez.cl\/web\/wp-content\/uploads\/2019\/03\/2019-03-15-at-14.42.50-1024x768.jpeg\" alt=\"\" class=\"wp-image-2349\" srcset=\"https:\/\/www.radiopresidenteibanez.cl\/web\/wp-content\/uploads\/2019\/03\/2019-03-15-at-14.42.50-1024x768.jpeg 1024w, https:\/\/www.radiopresidenteibanez.cl\/web\/wp-content\/uploads\/2019\/03\/2019-03-15-at-14.42.50-300x225.jpeg 300w, https:\/\/www.radiopresidenteibanez.cl\/web\/wp-content\/uploads\/2019\/03\/2019-03-15-at-14.42.50-768x576.jpeg 768w, https:\/\/www.radiopresidenteibanez.cl\/web\/wp-content\/uploads\/2019\/03\/2019-03-15-at-14.42.50.jpeg 1280w\" sizes=\"auto, (max-width: 1024px) 100vw, 1024px\" \/><\/figure>\n","protected":false},"excerpt":{"rendered":"<p>Llegaron hasta la Alcald\u00eda, los miembros del equipo de profesionales del Centro de Estudios de \u00daltima Esperanza y la \u201cAgrupaci\u00f3n M\u00e1rtires 23 de enero 1919\u201d para conversar sobre las placas&#8230; <a class=\"read-more\" href=\"https:\/\/www.radiopresidenteibanez.cl\/web\/alcalde-fernando-paredes-aclara-situacion-de-la-plaza-23-de-enero\/\">Leer m\u00e1s<\/a><\/p>\n","protected":false},"author":2,"featured_media":2349,"comment_status":"closed","ping_status":"closed","sticky":false,"template":"","format":"standard","meta":{"footnotes":""},"categories":[1],"tags":[],"class_list":["post-2348","post","type-post","status-publish","format-standard","has-post-thumbnail","hentry","category-cronica"],"_links":{"self":[{"href":"https:\/\/www.radiopresidenteibanez.cl\/web\/wp-json\/wp\/v2\/posts\/2348","targetHints":{"allow":["GET"]}}],"collection":[{"href":"https:\/\/www.radiopresidenteibanez.cl\/web\/wp-json\/wp\/v2\/posts"}],"about":[{"href":"https:\/\/www.radiopresidenteibanez.cl\/web\/wp-json\/wp\/v2\/types\/post"}],"author":[{"embeddable":true,"href":"https:\/\/www.radiopresidenteibanez.cl\/web\/wp-json\/wp\/v2\/users\/2"}],"replies":[{"embeddable":true,"href":"https:\/\/www.radiopresidenteibanez.cl\/web\/wp-json\/wp\/v2\/comments?post=2348"}],"version-history":[{"count":0,"href":"https:\/\/www.radiopresidenteibanez.cl\/web\/wp-json\/wp\/v2\/posts\/2348\/revisions"}],"wp:featuredmedia":[{"embeddable":true,"href":"https:\/\/www.radiopresidenteibanez.cl\/web\/wp-json\/wp\/v2\/media\/2349"}],"wp:attachment":[{"href":"https:\/\/www.radiopresidenteibanez.cl\/web\/wp-json\/wp\/v2\/media?parent=2348"}],"wp:term":[{"taxonomy":"category","embeddable":true,"href":"https:\/\/www.radiopresidenteibanez.cl\/web\/wp-json\/wp\/v2\/categories?post=2348"},{"taxonomy":"post_tag","embeddable":true,"href":"https:\/\/www.radiopresidenteibanez.cl\/web\/wp-json\/wp\/v2\/tags?post=2348"}],"curies":[{"name":"wp","href":"https:\/\/api.w.org\/{rel}","templated":true}]}}