{"id":2345,"date":"2019-03-18T01:32:17","date_gmt":"2019-03-18T01:32:17","guid":{"rendered":"http:\/\/www.radiopresidenteibanez.cl\/web\/?p=2345"},"modified":"2019-03-18T01:32:20","modified_gmt":"2019-03-18T01:32:20","slug":"inedito-acuerdo-de-empresas-productoras-en-torno-a-vigilancia-de-bkd","status":"publish","type":"post","link":"https:\/\/www.radiopresidenteibanez.cl\/web\/inedito-acuerdo-de-empresas-productoras-en-torno-a-vigilancia-de-bkd\/","title":{"rendered":"IN\u00c9DITO ACUERDO DE EMPRESAS PRODUCTORAS EN TORNO A VIGILANCIA DE BKD"},"content":{"rendered":"\n<p>Los productores de la Regi\u00f3n de\nMagallanes, en el marco del Programa Salm\u00f3n Magall\u00e1nico, aprobaron fortalecer\nla vigilancia en torno a la principal enfermedad que afecta los cultivos de\nsalm\u00f3n en la regi\u00f3n austral, BKD o Enfermedad Bacteriana del Ri\u00f1\u00f3n. A la\niniciativa se han sumado de manera voluntaria a fin de ir m\u00e1s all\u00e1 de las\nexigencias de las instituciones fiscalizadoras. <\/p>\n\n\n\n<p><strong>Punta\nArenas, 15 de marzo de 2019.<\/strong> A la luz de los an\u00e1lisis provistos al interior del\nPrograma, los equipos t\u00e9cnicos de las empresas productoras acordaron estandarizar\nla vigilancia de la enfermedad en las fases de Agua Dulce, Agua de Mar y\nReproductores, a trav\u00e9s de la ejecuci\u00f3n de una serie de medidas que son\nadicionales a las exigidas por la regulaci\u00f3n vigente, con el objetivo de\nminimizar riesgos sanitarios con un determinado enfoque en BKD. <\/p>\n\n\n\n<p>Las medidas acordadas a\nfines del a\u00f1o pasado iniciaron su vigencia el 1 de marzo del 2019 y se\nrelacionan con metodolog\u00edas para realizar chequeos preventivos, m\u00e9todos de\ndetecci\u00f3n de BKD y planes de acci\u00f3n asociados a resultados, fertilizaci\u00f3n,\ndesinfecci\u00f3n, incubaci\u00f3n, entre otros. <\/p>\n\n\n\n<p>El Programa\nSalm\u00f3n Magall\u00e1nico es una iniciativa de liderazgo, colaboraci\u00f3n e innovaci\u00f3n\nconformada por las empresas Australis Mar, BluRiver, Cermaq, Multiexport Foods,\nNova Austral y Salmones Magallanes, en conjunto con la Asociaci\u00f3n de\nSalmonicultores de Magallanes. El programa busca desarrollar una agenda de actividades\ntendientes a la generaci\u00f3n de informaci\u00f3n relevante para facilitar la toma de\ndecisiones en la b\u00fasqueda de construir una operaci\u00f3n sustentable y exitosa en\nbeneficio de la regi\u00f3n austral, de los consumidores y de la propia industria.\nEl Programa es apoyado por Elanco y Cargill. <\/p>\n\n\n\n<p>Una de las principales \u00e1reas de trabajo del Programa, est\u00e1 concentrada en el \u00e1rea de salud de peces, en particular apunta a controlar efectivamente el BKD y otros riesgos sanitarios asociados. <\/p>\n\n\n\n<figure class=\"wp-block-image\"><img loading=\"lazy\" decoding=\"async\" width=\"900\" height=\"560\" src=\"https:\/\/www.radiopresidenteibanez.cl\/web\/wp-content\/uploads\/2019\/03\/1-3.jpg\" alt=\"\" class=\"wp-image-2346\" srcset=\"https:\/\/www.radiopresidenteibanez.cl\/web\/wp-content\/uploads\/2019\/03\/1-3.jpg 900w, https:\/\/www.radiopresidenteibanez.cl\/web\/wp-content\/uploads\/2019\/03\/1-3-300x187.jpg 300w, https:\/\/www.radiopresidenteibanez.cl\/web\/wp-content\/uploads\/2019\/03\/1-3-768x478.jpg 768w\" sizes=\"auto, (max-width: 900px) 100vw, 900px\" \/><\/figure>\n","protected":false},"excerpt":{"rendered":"<p>Los productores de la Regi\u00f3n de Magallanes, en el marco del Programa Salm\u00f3n Magall\u00e1nico, aprobaron fortalecer la vigilancia en torno a la principal enfermedad que afecta los cultivos de salm\u00f3n&#8230; <a class=\"read-more\" href=\"https:\/\/www.radiopresidenteibanez.cl\/web\/inedito-acuerdo-de-empresas-productoras-en-torno-a-vigilancia-de-bkd\/\">Leer m\u00e1s<\/a><\/p>\n","protected":false},"author":2,"featured_media":2346,"comment_status":"closed","ping_status":"closed","sticky":false,"template":"","format":"standard","meta":{"footnotes":""},"categories":[1],"tags":[],"class_list":["post-2345","post","type-post","status-publish","format-standard","has-post-thumbnail","hentry","category-cronica"],"_links":{"self":[{"href":"https:\/\/www.radiopresidenteibanez.cl\/web\/wp-json\/wp\/v2\/posts\/2345","targetHints":{"allow":["GET"]}}],"collection":[{"href":"https:\/\/www.radiopresidenteibanez.cl\/web\/wp-json\/wp\/v2\/posts"}],"about":[{"href":"https:\/\/www.radiopresidenteibanez.cl\/web\/wp-json\/wp\/v2\/types\/post"}],"author":[{"embeddable":true,"href":"https:\/\/www.radiopresidenteibanez.cl\/web\/wp-json\/wp\/v2\/users\/2"}],"replies":[{"embeddable":true,"href":"https:\/\/www.radiopresidenteibanez.cl\/web\/wp-json\/wp\/v2\/comments?post=2345"}],"version-history":[{"count":0,"href":"https:\/\/www.radiopresidenteibanez.cl\/web\/wp-json\/wp\/v2\/posts\/2345\/revisions"}],"wp:featuredmedia":[{"embeddable":true,"href":"https:\/\/www.radiopresidenteibanez.cl\/web\/wp-json\/wp\/v2\/media\/2346"}],"wp:attachment":[{"href":"https:\/\/www.radiopresidenteibanez.cl\/web\/wp-json\/wp\/v2\/media?parent=2345"}],"wp:term":[{"taxonomy":"category","embeddable":true,"href":"https:\/\/www.radiopresidenteibanez.cl\/web\/wp-json\/wp\/v2\/categories?post=2345"},{"taxonomy":"post_tag","embeddable":true,"href":"https:\/\/www.radiopresidenteibanez.cl\/web\/wp-json\/wp\/v2\/tags?post=2345"}],"curies":[{"name":"wp","href":"https:\/\/api.w.org\/{rel}","templated":true}]}}