{"id":23430,"date":"2021-08-27T08:16:07","date_gmt":"2021-08-27T11:16:07","guid":{"rendered":"https:\/\/www.radiopresidenteibanez.cl\/web\/?p=23430"},"modified":"2021-08-27T08:16:12","modified_gmt":"2021-08-27T11:16:12","slug":"emprendimientos-forever-living-llega-al-confin-del-mundo","status":"publish","type":"post","link":"https:\/\/www.radiopresidenteibanez.cl\/web\/emprendimientos-forever-living-llega-al-confin-del-mundo\/","title":{"rendered":"EMPRENDIMIENTOS: FOREVER LIVING LLEGA AL CONFIN DEL MUNDO"},"content":{"rendered":"\n<p>Se realiz\u00f3 el Lanzamiento de\nProductos&nbsp;<strong>Forever\nLiving<\/strong>&nbsp;en las dependencias del Albergue Municipal de\nPorvenir.<\/p>\n\n\n\n<p>En esta actividad uno de los\nobjetivos principales, fue dar a conocer a la comunidad la gama de productos\nnaturales que ya se encuentran a disposici\u00f3n, de quienes quieran adquirirlos.\nAl estar ya presentes en el mercado local. <\/p>\n\n\n\n<p>Entre los productos se\nencuentran bebidas de Aloe Vera con beneficios, \u201cque apoyan la salud desde\nadentro hacia afuera\u201d, entre sus m\u00faltiples propiedades se destacan el promover\nun sistema saludable, regenerar las c\u00e9lulas de la piel, favorecer la\nregeneraci\u00f3n de los tejidos internos, ayuda a mantener un sistema urinario\nsaludable; debido a sus altos compuestos antioxidantes mantienen un buen\nsistema inmunol\u00f3gico y niveles altos de energ\u00eda natural, entre muchos hermosos\nbeneficios para el ser humano. Por otro lado, se encuentran suplementos\nalimenticios, productos para el cuidado de la piel, cuidado personal, higiene\npersonal, entre otros.<\/p>\n\n\n\n<p>Esta iniciativa nos cuenta\nAndrea Monge, tuvo un estudio previo de su parte,&nbsp; a la hora de decidir\ntraer esta L\u00ednea de productos a Tierra del Fuego,&nbsp; empezando por la\ninvestigaci\u00f3n de la Compa\u00f1\u00eda que los distribuye, sum\u00e1ndose la tendencia mundial\nque las personas cualquiera sea la edad, requieren de consumir productos\nnaturales, libre de metales pesados, pesticidas, colorantes, conservantes,\nentre otros qu\u00edmicos perjudiciales para la salud, lo que finalmente la convenci\u00f3,\nque esta era una excelente oportunidad para generar nuevos recursos y brindar a\nla comunidad la oportunidad de adquirir productos 100% certificados y de\nprimera calidad.<\/p>\n\n\n\n<p>\u00bfEst\u00e1s interesado en obtener\nm\u00e1s informaci\u00f3n para adquirir estos productos naturales? no dudes en\ncomunicarte con esta entusiasta emprendedora fueguina, llamando al celular: +56\n977650487 o al email: andreamongealarcon@gmail.com<\/p>\n","protected":false},"excerpt":{"rendered":"<p>Se realiz\u00f3 el Lanzamiento de Productos&nbsp;Forever Living&nbsp;en las dependencias del Albergue Municipal de Porvenir. En esta actividad uno de los objetivos principales, fue dar a conocer a la comunidad la&#8230; <a class=\"read-more\" href=\"https:\/\/www.radiopresidenteibanez.cl\/web\/emprendimientos-forever-living-llega-al-confin-del-mundo\/\">Leer m\u00e1s<\/a><\/p>\n","protected":false},"author":2,"featured_media":23431,"comment_status":"closed","ping_status":"closed","sticky":false,"template":"","format":"standard","meta":{"footnotes":""},"categories":[1],"tags":[],"class_list":["post-23430","post","type-post","status-publish","format-standard","has-post-thumbnail","hentry","category-cronica"],"_links":{"self":[{"href":"https:\/\/www.radiopresidenteibanez.cl\/web\/wp-json\/wp\/v2\/posts\/23430","targetHints":{"allow":["GET"]}}],"collection":[{"href":"https:\/\/www.radiopresidenteibanez.cl\/web\/wp-json\/wp\/v2\/posts"}],"about":[{"href":"https:\/\/www.radiopresidenteibanez.cl\/web\/wp-json\/wp\/v2\/types\/post"}],"author":[{"embeddable":true,"href":"https:\/\/www.radiopresidenteibanez.cl\/web\/wp-json\/wp\/v2\/users\/2"}],"replies":[{"embeddable":true,"href":"https:\/\/www.radiopresidenteibanez.cl\/web\/wp-json\/wp\/v2\/comments?post=23430"}],"version-history":[{"count":0,"href":"https:\/\/www.radiopresidenteibanez.cl\/web\/wp-json\/wp\/v2\/posts\/23430\/revisions"}],"wp:featuredmedia":[{"embeddable":true,"href":"https:\/\/www.radiopresidenteibanez.cl\/web\/wp-json\/wp\/v2\/media\/23431"}],"wp:attachment":[{"href":"https:\/\/www.radiopresidenteibanez.cl\/web\/wp-json\/wp\/v2\/media?parent=23430"}],"wp:term":[{"taxonomy":"category","embeddable":true,"href":"https:\/\/www.radiopresidenteibanez.cl\/web\/wp-json\/wp\/v2\/categories?post=23430"},{"taxonomy":"post_tag","embeddable":true,"href":"https:\/\/www.radiopresidenteibanez.cl\/web\/wp-json\/wp\/v2\/tags?post=23430"}],"curies":[{"name":"wp","href":"https:\/\/api.w.org\/{rel}","templated":true}]}}