{"id":2339,"date":"2019-03-18T01:25:56","date_gmt":"2019-03-18T01:25:56","guid":{"rendered":"http:\/\/www.radiopresidenteibanez.cl\/web\/?p=2339"},"modified":"2019-03-18T01:26:04","modified_gmt":"2019-03-18T01:26:04","slug":"seremi-de-economia-participo-en-jornada-de-capacitacion-del-programa-sello-de-origen-en-santiago","status":"publish","type":"post","link":"https:\/\/www.radiopresidenteibanez.cl\/web\/seremi-de-economia-participo-en-jornada-de-capacitacion-del-programa-sello-de-origen-en-santiago\/","title":{"rendered":"SEREMI DE ECONOM\u00cdA PARTICIP\u00d3 EN JORNADA DE CAPACITACI\u00d3N DEL PROGRAMA SELLO DE ORIGEN EN SANTIAGO"},"content":{"rendered":"\n<p>La Seremi de Econom\u00eda Natalia Easton\nCortesi viaj\u00f3 hasta Santiago para participar de una Jornada de Capacitaci\u00f3n del\nPrograma Sello de Origen, organizado por Instituto Nacional de Propiedad\nIntelectual, INAPI, junto con Sercotec. En dicha instancia pudo escuchar\ndiferentes exposiciones relacionadas con el tema, con el objetivo de orientar\nel trabajo para la consecuci\u00f3n de denominaci\u00f3n de origen para productos\nmagall\u00e1nicos.<\/p>\n\n\n\n<p>Sobre su participaci\u00f3n, la Seremi\ncoment\u00f3 que \u201cMagallanes es la \u00fanica regi\u00f3n del pa\u00eds que no tiene productos con\nSello de Origen. Desde que asumimos el gobierno hemos trabajado por revertir\nesta situaci\u00f3n, considerando la enorme riqueza productiva que tiene la regi\u00f3n.\nParticipar en estos seminarios va en esa l\u00ednea, y vamos a seguir trabajando por\nconseguir la denominaci\u00f3n\u201d<\/p>\n\n\n\n<p>Chile cuenta hoy con una gran variedad de productos asociados\na un lugar espec\u00edfico del pa\u00eds, los cuales se destacan por ser fruto de\ntradiciones y \u00fanicos en su clase. Sello de Origen es un programa destinado a la\ncreaci\u00f3n, promoci\u00f3n, preservaci\u00f3n, protecci\u00f3n y desarrollo de productos\ntradicionales o singulares de nuestro pa\u00eds, caracterizados por contar con un\nfuerte componente local y reconociendo y retribuyendo el esfuerzo y el trabajo\nasociados a ellos.<\/p>\n\n\n\n<p>En Magallanes, se est\u00e1 trabajando fuertemente por lograr la\ndenominaci\u00f3n de tres productos, que son el cordero magall\u00e1nico, el calafate y\nla artesan\u00eda en junquillo. A trav\u00e9s de diversas herramientas y mesas de trabajo\np\u00fablico-privadas se est\u00e1 avanzando en los diferentes procesos, en una labor\ncoordinada en conjunto con las Seremis de Cultura y Agricultura, adem\u00e1s del\napoyo de Corfo.\n\nSobre estos\nproductos, Easton Cortesi indic\u00f3 que \u201cse hizo un levantamiento de informaci\u00f3n\nsobre los productos que podr\u00edan adquirir la denominaci\u00f3n. Entre esos, se\nescogieron el cordero, el calafate y la artesan\u00eda en junquillo por ser propios\nde Magallanes, y por el gran impacto socio-cultural que tienen. Por ahora\nseguimos avanzando en las diferentes etapas del proceso, pero veo con optimismo\npoder obtener la denominaci\u00f3n de origen.\u201d\n\n\n\n<\/p>\n","protected":false},"excerpt":{"rendered":"<p>La Seremi de Econom\u00eda Natalia Easton Cortesi viaj\u00f3 hasta Santiago para participar de una Jornada de Capacitaci\u00f3n del Programa Sello de Origen, organizado por Instituto Nacional de Propiedad Intelectual, INAPI,&#8230; <a class=\"read-more\" href=\"https:\/\/www.radiopresidenteibanez.cl\/web\/seremi-de-economia-participo-en-jornada-de-capacitacion-del-programa-sello-de-origen-en-santiago\/\">Leer m\u00e1s<\/a><\/p>\n","protected":false},"author":2,"featured_media":2340,"comment_status":"closed","ping_status":"closed","sticky":false,"template":"","format":"standard","meta":{"footnotes":""},"categories":[1],"tags":[],"class_list":["post-2339","post","type-post","status-publish","format-standard","has-post-thumbnail","hentry","category-cronica"],"_links":{"self":[{"href":"https:\/\/www.radiopresidenteibanez.cl\/web\/wp-json\/wp\/v2\/posts\/2339","targetHints":{"allow":["GET"]}}],"collection":[{"href":"https:\/\/www.radiopresidenteibanez.cl\/web\/wp-json\/wp\/v2\/posts"}],"about":[{"href":"https:\/\/www.radiopresidenteibanez.cl\/web\/wp-json\/wp\/v2\/types\/post"}],"author":[{"embeddable":true,"href":"https:\/\/www.radiopresidenteibanez.cl\/web\/wp-json\/wp\/v2\/users\/2"}],"replies":[{"embeddable":true,"href":"https:\/\/www.radiopresidenteibanez.cl\/web\/wp-json\/wp\/v2\/comments?post=2339"}],"version-history":[{"count":0,"href":"https:\/\/www.radiopresidenteibanez.cl\/web\/wp-json\/wp\/v2\/posts\/2339\/revisions"}],"wp:featuredmedia":[{"embeddable":true,"href":"https:\/\/www.radiopresidenteibanez.cl\/web\/wp-json\/wp\/v2\/media\/2340"}],"wp:attachment":[{"href":"https:\/\/www.radiopresidenteibanez.cl\/web\/wp-json\/wp\/v2\/media?parent=2339"}],"wp:term":[{"taxonomy":"category","embeddable":true,"href":"https:\/\/www.radiopresidenteibanez.cl\/web\/wp-json\/wp\/v2\/categories?post=2339"},{"taxonomy":"post_tag","embeddable":true,"href":"https:\/\/www.radiopresidenteibanez.cl\/web\/wp-json\/wp\/v2\/tags?post=2339"}],"curies":[{"name":"wp","href":"https:\/\/api.w.org\/{rel}","templated":true}]}}