{"id":23369,"date":"2021-08-25T09:06:00","date_gmt":"2021-08-25T12:06:00","guid":{"rendered":"https:\/\/www.radiopresidenteibanez.cl\/web\/?p=23369"},"modified":"2021-08-25T08:27:22","modified_gmt":"2021-08-25T11:27:22","slug":"autoridades-entregaron-certificados-a-los-emprendedores-adjudicados-al-programa-reactivate-multisectorial","status":"publish","type":"post","link":"https:\/\/www.radiopresidenteibanez.cl\/web\/autoridades-entregaron-certificados-a-los-emprendedores-adjudicados-al-programa-reactivate-multisectorial\/","title":{"rendered":"AUTORIDADES ENTREGARON CERTIFICADOS A LOS EMPRENDEDORES ADJUDICADOS AL PROGRAMA REACT\u00cdVATE MULTISECTORIAL"},"content":{"rendered":"\n<p>La Delegada Presidencial de Magallanes, Jenniffer Rojas, la Delegada\nProvincial Presidencial, Ericka Far\u00edas, junto con la directora del Servicio de\nCooperaci\u00f3n T\u00e9cnica, Mar\u00eda Soledad Solo de Zald\u00edvar y la diputada por\nMagallanes, Sandra Amar, entregaron los certificados a las y los emprendedores\nque ganaron el subsidio del programa React\u00edvate Multisectorial 3. \u201cHemos\nrealizado la certificaci\u00f3n del programa a multisectorial 3, en la regi\u00f3n hemos\npodido beneficiar con estos fondos del Gobierno Regional a 194 pymes con un\nmonto superior a los $800 millones de pesos.&nbsp;\nCada uno de ellos recibir\u00e1 $2,5 millones\u201d, dijo la directora del\nServicio. <\/p>\n\n\n\n<p>Clara Gallardo, natalina y emprendedora de un hostal en la ciudad,\ncoment\u00f3 que, \u201cla pandemia fue lago que no esper\u00e1bamos, nos iba muy bien,\nten\u00edamos muchos turistas. Esta ayuda nos sirve de mucho porque lo poco que\nhab\u00edamos ahorrado lo tuve que invertir en otras cosas. Esto ha sido una buena ayuda\ndel gobierno\u201d. <\/p>\n\n\n\n<p>Esta actividad se realiz\u00f3 en el Centro de Negocios Sercotec de\nPuerto Natales, ubicado en Barros Arana 212. Los adjudicados del programa\npodr\u00e1n ocupar el beneficio econ\u00f3mico en adquisici\u00f3n de maquinaria, equipos,\nherramientas, inmobiliario, as\u00ed como tambi\u00e9n en materias primas y materiales,\nmercader\u00eda, arriendo de maquinarias o bienes, pago de sueldos, pago de servicio\nb\u00e1sicos, pago de cuotas de cr\u00e9ditos, habilitaci\u00f3n de infraestructura, promoci\u00f3n,\npublicidad y difusi\u00f3n para su negocio.<\/p>\n\n\n\n<p>\u201cPudimos dialogar con ellos desde lo m\u00e1s profundo, donde nos\ncontaron cu\u00e1les son sus inquietudes, qu\u00e9 podemos mejorar, c\u00f3mo podemos seguir\napoyando como gobierno a trav\u00e9s de Sercotec, y la verdad nos queda un largo\ncamino. Hoy d\u00eda, la situaci\u00f3n sanitaria es bastante auspiciosa, que fue lo que\nconversamos y esta toda la fe a que nuestras pymes, que son el coraz\u00f3n de\nnuestra econom\u00eda, prontamente se van a reactivar\u201d, coment\u00f3 al finalizar la\nceremonia la Delegada Presidencial de Magallanes, Jenniffer Rojas. <\/p>\n\n\n\n<p>Por su parte, la Delegada Provincial Presidencial, Ericka Far\u00edas,\ntambi\u00e9n escuch\u00f3 a cada uno de los emprendedores, agregando que, \u201cse entreg\u00f3 una\ncantidad importante de recursos a esta Regi\u00f3n de Magallanes. Constantemente\nhemos pedido, con la buena voluntad de la Delegada Presidencial, incluso con la\ndiputada Amar, que tambi\u00e9n nos ha ayudado, a conseguir alg\u00fan recurso extra para\nSercotec\u201d.<\/p>\n\n\n\n<p>Francisco L\u00f3pez, adjudicado del programa, destac\u00f3 la presencia de\nlas autoridades y el tiempo para escuchar a cada uno de los y las emprendedoras\npresentes. \u201cNos informan que hay una actividad y uno solo viene, entonces nos\nencontramos a las autoridades escuchando lo que ha pasado y las razones de\nporqu\u00e9 hemos postulado y bueno, las posibilidades que tenemos de utilizar estos\nfondos. Fue algo super grato, me voy sorprendido porque he encontrado\nautoridades que ya hab\u00eda escuchado pero que son muy cercanas y nos da un\nespacio para expresar lo que yo he sentido\u201d. <\/p>\n","protected":false},"excerpt":{"rendered":"<p>La Delegada Presidencial de Magallanes, Jenniffer Rojas, la Delegada Provincial Presidencial, Ericka Far\u00edas, junto con la directora del Servicio de Cooperaci\u00f3n T\u00e9cnica, Mar\u00eda Soledad Solo de Zald\u00edvar y la diputada&#8230; <a class=\"read-more\" href=\"https:\/\/www.radiopresidenteibanez.cl\/web\/autoridades-entregaron-certificados-a-los-emprendedores-adjudicados-al-programa-reactivate-multisectorial\/\">Leer m\u00e1s<\/a><\/p>\n","protected":false},"author":2,"featured_media":23370,"comment_status":"closed","ping_status":"closed","sticky":false,"template":"","format":"standard","meta":{"footnotes":""},"categories":[1],"tags":[],"class_list":["post-23369","post","type-post","status-publish","format-standard","has-post-thumbnail","hentry","category-cronica"],"_links":{"self":[{"href":"https:\/\/www.radiopresidenteibanez.cl\/web\/wp-json\/wp\/v2\/posts\/23369","targetHints":{"allow":["GET"]}}],"collection":[{"href":"https:\/\/www.radiopresidenteibanez.cl\/web\/wp-json\/wp\/v2\/posts"}],"about":[{"href":"https:\/\/www.radiopresidenteibanez.cl\/web\/wp-json\/wp\/v2\/types\/post"}],"author":[{"embeddable":true,"href":"https:\/\/www.radiopresidenteibanez.cl\/web\/wp-json\/wp\/v2\/users\/2"}],"replies":[{"embeddable":true,"href":"https:\/\/www.radiopresidenteibanez.cl\/web\/wp-json\/wp\/v2\/comments?post=23369"}],"version-history":[{"count":0,"href":"https:\/\/www.radiopresidenteibanez.cl\/web\/wp-json\/wp\/v2\/posts\/23369\/revisions"}],"wp:featuredmedia":[{"embeddable":true,"href":"https:\/\/www.radiopresidenteibanez.cl\/web\/wp-json\/wp\/v2\/media\/23370"}],"wp:attachment":[{"href":"https:\/\/www.radiopresidenteibanez.cl\/web\/wp-json\/wp\/v2\/media?parent=23369"}],"wp:term":[{"taxonomy":"category","embeddable":true,"href":"https:\/\/www.radiopresidenteibanez.cl\/web\/wp-json\/wp\/v2\/categories?post=23369"},{"taxonomy":"post_tag","embeddable":true,"href":"https:\/\/www.radiopresidenteibanez.cl\/web\/wp-json\/wp\/v2\/tags?post=23369"}],"curies":[{"name":"wp","href":"https:\/\/api.w.org\/{rel}","templated":true}]}}