{"id":2336,"date":"2019-03-18T01:20:50","date_gmt":"2019-03-18T01:20:50","guid":{"rendered":"http:\/\/www.radiopresidenteibanez.cl\/web\/?p=2336"},"modified":"2019-03-18T01:21:00","modified_gmt":"2019-03-18T01:21:00","slug":"en-su-interes-por-visitar-todas-las-comunas-de-la-region-seremi-de-justicia-y-ddhh-llego-hasta-laguna-blanca","status":"publish","type":"post","link":"https:\/\/www.radiopresidenteibanez.cl\/web\/en-su-interes-por-visitar-todas-las-comunas-de-la-region-seremi-de-justicia-y-ddhh-llego-hasta-laguna-blanca\/","title":{"rendered":"EN SU INTER\u00c9S POR VISITAR TODAS LAS COMUNAS DE LA REGI\u00d3N, SEREMI DE JUSTICIA Y DDHH LLEG\u00d3 HASTA LAGUNA BLANCA"},"content":{"rendered":"\n<p>Hasta la pujante localidad de Villa Tehuelches, capital de Laguna\nBlanca, lleg\u00f3 el&nbsp;Secretario Regional Ministerial de Justicia y Derechos\nHumanos, Fabi\u00e1n Mella Olivos, junto a las Oficinas M\u00f3viles de la Corporaci\u00f3n de\nAsistencia Judicial (CAJ) y del Servicio de Registro Civil e Identificaci\u00f3n,\npara dar inicio a un programa anual de visitas de trabajo a cada una de las\ncomunas de la regi\u00f3n, con el apoyo de los servicios relacionados y dependientes\ndel sector Justicia.<\/p>\n\n\n\n<p>Entre las 10:00 y las 16:00 horas del mi\u00e9rcoles 13, el personero\ndesarroll\u00f3 un programa de actividades junto a siete funcionarios p\u00fablicos. Esto\nle permiti\u00f3 tomar contacto con autoridades, representantes de instituciones, organizaciones\nsociales y vecinos de Villa Tehuelches, a objeto recabar informaci\u00f3n en terreno\ny as\u00ed fortalecer su quehacer sectorial.<\/p>\n\n\n\n<p>La autoridad comparti\u00f3 diversas actividades con la comunidad educativa\nde la Escuela \u00abDiego Portales\u00bb de Villa Tehuelches. All\u00ed, un equipo\nde la Corporaci\u00f3n de Asistencia Judicial (CAJ) ofreci\u00f3 un taller sobre\nconvivencia escolar y prevenci\u00f3n de \u201cbullying\u201d a alumnos de 1\u00b0 a 6\u00b0 b\u00e1sico. Asimismo,\nel Seremi Fabi\u00e1n Mella imparti\u00f3 una interactiva charla sobre Responsabilidad\nPenal Adolescente a estudiantes de s\u00e9ptimo y octavo b\u00e1sico.<\/p>\n\n\n\n<p>Paralelamente, la Oficina M\u00f3vil del Registro Civil se mantuvo basada en\nel colegio para brindar diversas atenciones a la comunidad: renovaci\u00f3n de\nc\u00e9dulas de identidad, emisiones de Clave \u00danica y certificados.<\/p>\n\n\n\n<p>Con la finalidad de fortalecer la cooperaci\u00f3n y v\u00ednculo de trabajo con\nla comunidad de Villa Tehuelches, el Seremi se interioriz\u00f3 de las actuales\nnecesidades de la escuela, y recorri\u00f3 el Hogar Estudiantil \u201cDiego Portales\u201d que\nalberga a 22 de sus 30 alumnos.<\/p>\n\n\n\n<p>En otro orden, pasado el mediod\u00eda sostuvo una reuni\u00f3n de trabajo con el\nAlcalde de la comuna, Ricardo Ritter, con miras a poder articular un v\u00ednculo de\ncoordinaci\u00f3n permanente a trav\u00e9s de la Corporaci\u00f3n de Asistencia Judicial. Dos\nhoras m\u00e1s tarde, el Seremi ser\u00eda invitado a exponer durante la sesi\u00f3n del\nConcejo Municipal de Laguna Blanca, oportunidad en la que destac\u00f3 la labor que\ndesarrolla el municipio en materia de educaci\u00f3n y compromiso con la infancia.\nDel mismo modo, expres\u00f3 su disponibilidad como ministerio para poder articular\nconvenios de cooperaci\u00f3n y afianzar su presencia en dicha comuna.<\/p>\n\n\n\n<p>En otro orden, el Seremi se entrevist\u00f3 con la Presidenta del Centro de\nPadres de la Escuela \u201cDiego Portales\u201d para gestionar distintos apoyos desde su\nsector.<\/p>\n\n\n\n<p>Al t\u00e9rmino de esta salida a terreno, Mella valor\u00f3 el haber podido llegar\na Laguna Blanca, y dar as\u00ed inicio a una serie de visitas a las comunas de la\nregi\u00f3n, con la intenci\u00f3n de llegar a todas durante el a\u00f1o. Esto, de manera de desarrollar\nun programa de trabajo m\u00e1s cercano a la comunidad, y acorde a sus necesidades y\nexpectativas desde el \u00e1mbito del sector Justicia.<\/p>\n\n\n\n<p>Junto con agradecer el apoyo y las facilidades otorgadas por las autoridades comunales y la Escuela \u201cDiego Portales\u201d, subray\u00f3 un alto nivel de compromiso y de gesti\u00f3n favor de sus ni\u00f1os y ni\u00f1as, a trav\u00e9s de la inversi\u00f3n que desarrolla como comuna, y que est\u00e1 en consonancia con uno de los grandes pilares del Gobierno del Presidente Sebasti\u00e1n Pi\u00f1era: <em>\u201cPriorizar a la ni\u00f1ez como no lo hab\u00eda sido hasta ahora\u201d.<\/em><\/p>\n\n\n\n<figure class=\"wp-block-image\"><img loading=\"lazy\" decoding=\"async\" width=\"800\" height=\"533\" src=\"https:\/\/www.radiopresidenteibanez.cl\/web\/wp-content\/uploads\/2019\/03\/EN-SU-INTER\u00c9S-POR-VISITAR-TODAS-LAS-COMUNAS-DE-LA-REGI\u00d3N-SEREMI-DE-JUSTICIA-Y-DDHH-LLEG\u00d3-HASTA-LAGUNA-BLANCA-5.jpg\" alt=\"\" class=\"wp-image-2337\" srcset=\"https:\/\/www.radiopresidenteibanez.cl\/web\/wp-content\/uploads\/2019\/03\/EN-SU-INTER\u00c9S-POR-VISITAR-TODAS-LAS-COMUNAS-DE-LA-REGI\u00d3N-SEREMI-DE-JUSTICIA-Y-DDHH-LLEG\u00d3-HASTA-LAGUNA-BLANCA-5.jpg 800w, https:\/\/www.radiopresidenteibanez.cl\/web\/wp-content\/uploads\/2019\/03\/EN-SU-INTER\u00c9S-POR-VISITAR-TODAS-LAS-COMUNAS-DE-LA-REGI\u00d3N-SEREMI-DE-JUSTICIA-Y-DDHH-LLEG\u00d3-HASTA-LAGUNA-BLANCA-5-300x200.jpg 300w, https:\/\/www.radiopresidenteibanez.cl\/web\/wp-content\/uploads\/2019\/03\/EN-SU-INTER\u00c9S-POR-VISITAR-TODAS-LAS-COMUNAS-DE-LA-REGI\u00d3N-SEREMI-DE-JUSTICIA-Y-DDHH-LLEG\u00d3-HASTA-LAGUNA-BLANCA-5-768x512.jpg 768w\" sizes=\"auto, (max-width: 800px) 100vw, 800px\" \/><\/figure>\n","protected":false},"excerpt":{"rendered":"<p>Hasta la pujante localidad de Villa Tehuelches, capital de Laguna Blanca, lleg\u00f3 el&nbsp;Secretario Regional Ministerial de Justicia y Derechos Humanos, Fabi\u00e1n Mella Olivos, junto a las Oficinas M\u00f3viles de la&#8230; <a class=\"read-more\" href=\"https:\/\/www.radiopresidenteibanez.cl\/web\/en-su-interes-por-visitar-todas-las-comunas-de-la-region-seremi-de-justicia-y-ddhh-llego-hasta-laguna-blanca\/\">Leer m\u00e1s<\/a><\/p>\n","protected":false},"author":2,"featured_media":2337,"comment_status":"closed","ping_status":"closed","sticky":false,"template":"","format":"standard","meta":{"footnotes":""},"categories":[1],"tags":[],"class_list":["post-2336","post","type-post","status-publish","format-standard","has-post-thumbnail","hentry","category-cronica"],"_links":{"self":[{"href":"https:\/\/www.radiopresidenteibanez.cl\/web\/wp-json\/wp\/v2\/posts\/2336","targetHints":{"allow":["GET"]}}],"collection":[{"href":"https:\/\/www.radiopresidenteibanez.cl\/web\/wp-json\/wp\/v2\/posts"}],"about":[{"href":"https:\/\/www.radiopresidenteibanez.cl\/web\/wp-json\/wp\/v2\/types\/post"}],"author":[{"embeddable":true,"href":"https:\/\/www.radiopresidenteibanez.cl\/web\/wp-json\/wp\/v2\/users\/2"}],"replies":[{"embeddable":true,"href":"https:\/\/www.radiopresidenteibanez.cl\/web\/wp-json\/wp\/v2\/comments?post=2336"}],"version-history":[{"count":0,"href":"https:\/\/www.radiopresidenteibanez.cl\/web\/wp-json\/wp\/v2\/posts\/2336\/revisions"}],"wp:featuredmedia":[{"embeddable":true,"href":"https:\/\/www.radiopresidenteibanez.cl\/web\/wp-json\/wp\/v2\/media\/2337"}],"wp:attachment":[{"href":"https:\/\/www.radiopresidenteibanez.cl\/web\/wp-json\/wp\/v2\/media?parent=2336"}],"wp:term":[{"taxonomy":"category","embeddable":true,"href":"https:\/\/www.radiopresidenteibanez.cl\/web\/wp-json\/wp\/v2\/categories?post=2336"},{"taxonomy":"post_tag","embeddable":true,"href":"https:\/\/www.radiopresidenteibanez.cl\/web\/wp-json\/wp\/v2\/tags?post=2336"}],"curies":[{"name":"wp","href":"https:\/\/api.w.org\/{rel}","templated":true}]}}