{"id":23341,"date":"2021-08-24T08:18:35","date_gmt":"2021-08-24T11:18:35","guid":{"rendered":"https:\/\/www.radiopresidenteibanez.cl\/web\/?p=23341"},"modified":"2021-08-24T08:18:40","modified_gmt":"2021-08-24T11:18:40","slug":"a-partir-de-septiembre-ya-se-puede-postular-al-nuevo-ife-laboral","status":"publish","type":"post","link":"https:\/\/www.radiopresidenteibanez.cl\/web\/a-partir-de-septiembre-ya-se-puede-postular-al-nuevo-ife-laboral\/","title":{"rendered":"A PARTIR DE SEPTIEMBRE YA SE PUEDE POSTULAR AL NUEVO IFE LABORAL"},"content":{"rendered":"\n<p>Hace algunos d\u00edas el Gobierno anunci\u00f3 un nuevo aporte\necon\u00f3mico que va directo al bolsillo de los trabajadores que suscriban un\ncontrato laboral a partir del 1 de agosto. Se trata del Ingreso Laboral de Emergencia\no tambi\u00e9n llamado IFE Laboral, una nueva ayuda estatal que forma parte de los\nSubsidios al Empleo de Sence.<\/p>\n\n\n\n<p>Para hacer el llamado a postular a este nuevo beneficio,\nla Seremi del Trabajo, Victoria Cort\u00e9s, en conjunto con el Seremi de Gobierno,\nRicardo Hern\u00e1ndez, se movilizaron por el sector c\u00e9ntrico de Punta Arenas,\nvisitando diferentes locales comerciales e informando de este beneficio a los\ntrabajadores de la ciudad.<\/p>\n\n\n\n<p>Seg\u00fan explic\u00f3 el vocero local de Gobierno: \u201cJunto a la\nSeremi del Trabajo recorrimos el centro de la ciudad, escuchando a diferentes\nlocatarios que tienen la necesidad de contratar personal para su empresa. En\nese contexto, estamos difundiendo el IFE laboral, subsidio que es compatible\ncon los otros apoyos del Estado que hemos estado difundiendo como gobierno\n\u2013tales como el IFE Universal, el Bono Pymes, entre otros. Es por esto que\nllamamos a la ciudadan\u00eda a informarse para poder acceder a este importante\nbeneficio\u201d.<\/p>\n\n\n\n<p>El IFE Laboral es un incentivo para que los trabajadores\nse empleen formalmente, otorg\u00e1ndoles un subsidio por la relaci\u00f3n laboral que se\ncrea. Este beneficio se entrega directamente al trabajador beneficiario, siempre\nque su remuneraci\u00f3n bruta mensual no exceda de 3 Ingresos M\u00ednimos Mensuales (actualmente\nde $1.011.000).<\/p>\n\n\n\n<p>Al respecto, la autoridad laboral record\u00f3 que tambi\u00e9n\nser\u00e1n beneficiados con este apoyo, los trabajadores que actualmente reciben el\nSubsidio al Nuevo Empleo. \u201cRespecto de ellos, que sabemos en Magallanes es un\nn\u00famero superior a los 630 trabajadores, tambi\u00e9n tenemos buenas noticias, toda\nvez que el monto del subsidio que ellos reciben, que, en la pr\u00e1ctica era de 50\nmil pesos para hombres y 60 mil para mujeres, j\u00f3venes y personas con\ndiscapacidad, todos ellos ahora tendr\u00e1n un aumento en sus subsidios, ya que\nestos montos se elevar\u00e1n a los 200 mil pesos en caso de hombres y 250 mil pesos\npara el resto de los grupos mencionados, lo cual es una muy buena noticia\u201d.<\/p>\n\n\n\n<p>Los trabajadores dependientes que inicien una nueva\nrelaci\u00f3n laboral con contrato de trabajo, y que postulen al beneficio a partir\nde septiembre de 2021 tendr\u00e1n derecho al IFE Laboral por hasta 4 meses. De ah\u00ed\nel llamado a los trabajadores a que hagan su postulaci\u00f3n a partir del mes de\nseptiembre.<\/p>\n\n\n\n<p>En el marco de esta difusi\u00f3n, las autoridades\nconversaron con diferentes trabajadores y empresarios para comentar esta\niniciativa. En ese sentido, el due\u00f1o del local \u201cHolasT\u201d, Carlos C\u00e1rdenas,\nse\u00f1al\u00f3 la importancia de informarse y de las ayudas que est\u00e1 entregando el\nGobierno. \u201cMe parece s\u00faper bien que las autoridades apoyen a las pymes y a los\ntrabajadores. A nosotros nos ha costado mucho, en general, entonces, toda ayuda\nque la autoridad y el gobierno nos quiera brindar para nosotros es s\u00faper bien\nrecibido. Felices, porque uno se siente apoyado, nosotros iniciamos este\nemprendimiento y tenemos el apoyo de la familia y los amigos, pero siempre se\nagradece un apoyo m\u00e1s\u201d.<\/p>\n\n\n\n<p>A partir del 1 de septiembre, los interesados y que\nhayan suscrito un nuevo contrato de trabajo en el mes de agosto, podr\u00e1n ingresar\nsu postulaci\u00f3n a trav\u00e9s del sitio web <a href=\"http:\/\/www.subsidioalempleo.cl\">www.subsidioalempleo.cl<\/a>\n<\/p>\n","protected":false},"excerpt":{"rendered":"<p>Hace algunos d\u00edas el Gobierno anunci\u00f3 un nuevo aporte econ\u00f3mico que va directo al bolsillo de los trabajadores que suscriban un contrato laboral a partir del 1 de agosto. Se&#8230; <a class=\"read-more\" href=\"https:\/\/www.radiopresidenteibanez.cl\/web\/a-partir-de-septiembre-ya-se-puede-postular-al-nuevo-ife-laboral\/\">Leer m\u00e1s<\/a><\/p>\n","protected":false},"author":2,"featured_media":23342,"comment_status":"closed","ping_status":"closed","sticky":false,"template":"","format":"standard","meta":{"footnotes":""},"categories":[1],"tags":[],"class_list":["post-23341","post","type-post","status-publish","format-standard","has-post-thumbnail","hentry","category-cronica"],"_links":{"self":[{"href":"https:\/\/www.radiopresidenteibanez.cl\/web\/wp-json\/wp\/v2\/posts\/23341","targetHints":{"allow":["GET"]}}],"collection":[{"href":"https:\/\/www.radiopresidenteibanez.cl\/web\/wp-json\/wp\/v2\/posts"}],"about":[{"href":"https:\/\/www.radiopresidenteibanez.cl\/web\/wp-json\/wp\/v2\/types\/post"}],"author":[{"embeddable":true,"href":"https:\/\/www.radiopresidenteibanez.cl\/web\/wp-json\/wp\/v2\/users\/2"}],"replies":[{"embeddable":true,"href":"https:\/\/www.radiopresidenteibanez.cl\/web\/wp-json\/wp\/v2\/comments?post=23341"}],"version-history":[{"count":0,"href":"https:\/\/www.radiopresidenteibanez.cl\/web\/wp-json\/wp\/v2\/posts\/23341\/revisions"}],"wp:featuredmedia":[{"embeddable":true,"href":"https:\/\/www.radiopresidenteibanez.cl\/web\/wp-json\/wp\/v2\/media\/23342"}],"wp:attachment":[{"href":"https:\/\/www.radiopresidenteibanez.cl\/web\/wp-json\/wp\/v2\/media?parent=23341"}],"wp:term":[{"taxonomy":"category","embeddable":true,"href":"https:\/\/www.radiopresidenteibanez.cl\/web\/wp-json\/wp\/v2\/categories?post=23341"},{"taxonomy":"post_tag","embeddable":true,"href":"https:\/\/www.radiopresidenteibanez.cl\/web\/wp-json\/wp\/v2\/tags?post=23341"}],"curies":[{"name":"wp","href":"https:\/\/api.w.org\/{rel}","templated":true}]}}