{"id":23296,"date":"2021-08-21T21:18:43","date_gmt":"2021-08-22T00:18:43","guid":{"rendered":"https:\/\/www.radiopresidenteibanez.cl\/web\/?p=23296"},"modified":"2021-08-21T21:18:49","modified_gmt":"2021-08-22T00:18:49","slug":"yasna-provoste-gana-en-magallanes-consulta-ciudadana-de-unidad-constituyente-y-se-convierte-en-la-candidata-presidencial-de-oposicion","status":"publish","type":"post","link":"https:\/\/www.radiopresidenteibanez.cl\/web\/yasna-provoste-gana-en-magallanes-consulta-ciudadana-de-unidad-constituyente-y-se-convierte-en-la-candidata-presidencial-de-oposicion\/","title":{"rendered":"YASNA PROVOSTE GANA EN MAGALLANES CONSULTA CIUDADANA DE UNIDAD CONSTITUYENTE Y SE CONVIERTE EN LA CANDIDATA PRESIDENCIAL DE OPOSICI\u00d3N"},"content":{"rendered":"\n<p>La senadora y desde hoy candidata presidenciable DC, Yasna Provoste Campillai, gana consulta ciudadana realizada en todo el pa\u00eds durante esta jornada de d\u00eda s\u00e1bado<\/p>\n\n\n\n<p>En la regi\u00f3n de Magallanes, Provoste obtuvo 1.103 votos de un total de 2.227 seguida por Paula Narv\u00e1ez 788, Carlos Maldonado 330, nulos 2 y blancos 4<\/p>\n\n\n\n<p>Pasada las 21 horas de Magallanes, los candidatos que no resultaron ganadores reconocieron el triunfo de la senadora Yasna Provoste en todo el pa\u00eds<\/p>\n","protected":false},"excerpt":{"rendered":"<p>La senadora y desde hoy candidata presidenciable DC, Yasna Provoste Campillai, gana consulta ciudadana realizada en todo el pa\u00eds durante esta jornada de d\u00eda s\u00e1bado En la regi\u00f3n de Magallanes,&#8230; <a class=\"read-more\" href=\"https:\/\/www.radiopresidenteibanez.cl\/web\/yasna-provoste-gana-en-magallanes-consulta-ciudadana-de-unidad-constituyente-y-se-convierte-en-la-candidata-presidencial-de-oposicion\/\">Leer m\u00e1s<\/a><\/p>\n","protected":false},"author":2,"featured_media":23297,"comment_status":"closed","ping_status":"closed","sticky":false,"template":"","format":"standard","meta":{"footnotes":""},"categories":[1],"tags":[],"class_list":["post-23296","post","type-post","status-publish","format-standard","has-post-thumbnail","hentry","category-cronica"],"_links":{"self":[{"href":"https:\/\/www.radiopresidenteibanez.cl\/web\/wp-json\/wp\/v2\/posts\/23296","targetHints":{"allow":["GET"]}}],"collection":[{"href":"https:\/\/www.radiopresidenteibanez.cl\/web\/wp-json\/wp\/v2\/posts"}],"about":[{"href":"https:\/\/www.radiopresidenteibanez.cl\/web\/wp-json\/wp\/v2\/types\/post"}],"author":[{"embeddable":true,"href":"https:\/\/www.radiopresidenteibanez.cl\/web\/wp-json\/wp\/v2\/users\/2"}],"replies":[{"embeddable":true,"href":"https:\/\/www.radiopresidenteibanez.cl\/web\/wp-json\/wp\/v2\/comments?post=23296"}],"version-history":[{"count":0,"href":"https:\/\/www.radiopresidenteibanez.cl\/web\/wp-json\/wp\/v2\/posts\/23296\/revisions"}],"wp:featuredmedia":[{"embeddable":true,"href":"https:\/\/www.radiopresidenteibanez.cl\/web\/wp-json\/wp\/v2\/media\/23297"}],"wp:attachment":[{"href":"https:\/\/www.radiopresidenteibanez.cl\/web\/wp-json\/wp\/v2\/media?parent=23296"}],"wp:term":[{"taxonomy":"category","embeddable":true,"href":"https:\/\/www.radiopresidenteibanez.cl\/web\/wp-json\/wp\/v2\/categories?post=23296"},{"taxonomy":"post_tag","embeddable":true,"href":"https:\/\/www.radiopresidenteibanez.cl\/web\/wp-json\/wp\/v2\/tags?post=23296"}],"curies":[{"name":"wp","href":"https:\/\/api.w.org\/{rel}","templated":true}]}}