{"id":23234,"date":"2021-08-19T15:13:00","date_gmt":"2021-08-19T18:13:00","guid":{"rendered":"https:\/\/www.radiopresidenteibanez.cl\/web\/?p=23234"},"modified":"2021-08-19T16:31:46","modified_gmt":"2021-08-19T19:31:46","slug":"invitan-a-charla-de-convivencia-escolar-en-youtube","status":"publish","type":"post","link":"https:\/\/www.radiopresidenteibanez.cl\/web\/invitan-a-charla-de-convivencia-escolar-en-youtube\/","title":{"rendered":"INVITAN A CHARLA DE CONVIVENCIA ESCOLAR EN YOUTUBE"},"content":{"rendered":"\n<p><em>\u00bfQu\u00e9 tal si mejor hablamos?<\/em>&nbsp;se titula la jornada de resoluci\u00f3n de conflictos que ha organizado para hoy jueves 19 de agosto el equipo de Convivencia Escolar de la Secretar\u00eda Regional Ministerial de Educaci\u00f3n de Magallanes y que ser\u00e1 transmitida en directo a trav\u00e9s de Youtube.<\/p>\n\n\n\n<p>La iniciativa est\u00e1 dirigida especialmente a ni\u00f1os, ni\u00f1as y j\u00f3venes de 5to b\u00e1sico a 4 medio de todos los establecimientos de educaci\u00f3n de la&nbsp;regi\u00f3n.<\/p>\n\n\n\n<p>La charla contar\u00e1 con las exposiciones de Marisol Arce, psic\u00f3loga cl\u00ednica, magister en neurociencias de la educaci\u00f3n y experta en detecci\u00f3n e intervenci\u00f3n en adicci\u00f3n a las Nuevas Tecnolog\u00edas. La acompa\u00f1ar\u00e1n las profesionales magall\u00e1nicas Lorena Aguilar de la Universidad de Magallanes y Cristina Montiel de la Corporaci\u00f3n de Asistencia Judicial quienes desarrollar\u00e1n un taller pr\u00e1ctico con el objetivo de empatizar con los conflictos que enfrentan d\u00eda a&nbsp;d\u00eda las y los estudiantes, en particular en este periodo de pandemia el cual ya se extiende por un a\u00f1o y cinco meses.<\/p>\n\n\n\n<p>La charla comenzar\u00e1 en la red social Youtube a las 17 horas, donde el Seremi de Educaci\u00f3n, Rodrigo Sep\u00falveda Tagle entregar\u00e1 un saludo a los equipos de Convivencia Escolar y las comunidades educativas de la regi\u00f3n, dando cuenta c\u00f3mo se relacionan las emociones y el uso de las tecnolog\u00edas.&nbsp;<\/p>\n\n\n\n<p>La invitaci\u00f3n es a conectarse y a compartir una interesante Jornada de resoluci\u00f3n de conflictos en el canal&nbsp;&nbsp;<a href=\"https:\/\/nam02.safelinks.protection.outlook.com\/?url=http%3A%2F%2Fwww.youtube.com%2Fchannel%2FUCHmNWKftedskejmBRGxVxLg&amp;data=04%7C01%7Cpaulina.fernandezh%40mineduc.cl%7Cd8e89b46f99d4905a70508d9630b9cef%7C2e4cfe500580414093874ecde39def60%7C0%7C0%7C637649723808637369%7CUnknown%7CTWFpbGZsb3d8eyJWIjoiMC4wLjAwMDAiLCJQIjoiV2luMzIiLCJBTiI6Ik1haWwiLCJXVCI6Mn0%3D%7C1000&amp;sdata=Ldj9AWNwl3%2FMsS8wnGakj5qaGH%2FIfFmyKStAFnhPAqg%3D&amp;reserved=0\" target=\"_blank\" rel=\"noreferrer noopener\">www.youtube.com\/channel\/UCHmNWKftedskejmBRGxVxLg<\/a>&nbsp;la cual espera contar con representantes de representantes de todas las escuelas y liceos de Magallanes.&nbsp;<\/p>\n","protected":false},"excerpt":{"rendered":"<p>\u00bfQu\u00e9 tal si mejor hablamos?&nbsp;se titula la jornada de resoluci\u00f3n de conflictos que ha organizado para hoy jueves 19 de agosto el equipo de Convivencia Escolar de la Secretar\u00eda Regional&#8230; <a class=\"read-more\" href=\"https:\/\/www.radiopresidenteibanez.cl\/web\/invitan-a-charla-de-convivencia-escolar-en-youtube\/\">Leer m\u00e1s<\/a><\/p>\n","protected":false},"author":2,"featured_media":23235,"comment_status":"closed","ping_status":"closed","sticky":false,"template":"","format":"standard","meta":{"footnotes":""},"categories":[1],"tags":[],"class_list":["post-23234","post","type-post","status-publish","format-standard","has-post-thumbnail","hentry","category-cronica"],"_links":{"self":[{"href":"https:\/\/www.radiopresidenteibanez.cl\/web\/wp-json\/wp\/v2\/posts\/23234","targetHints":{"allow":["GET"]}}],"collection":[{"href":"https:\/\/www.radiopresidenteibanez.cl\/web\/wp-json\/wp\/v2\/posts"}],"about":[{"href":"https:\/\/www.radiopresidenteibanez.cl\/web\/wp-json\/wp\/v2\/types\/post"}],"author":[{"embeddable":true,"href":"https:\/\/www.radiopresidenteibanez.cl\/web\/wp-json\/wp\/v2\/users\/2"}],"replies":[{"embeddable":true,"href":"https:\/\/www.radiopresidenteibanez.cl\/web\/wp-json\/wp\/v2\/comments?post=23234"}],"version-history":[{"count":0,"href":"https:\/\/www.radiopresidenteibanez.cl\/web\/wp-json\/wp\/v2\/posts\/23234\/revisions"}],"wp:featuredmedia":[{"embeddable":true,"href":"https:\/\/www.radiopresidenteibanez.cl\/web\/wp-json\/wp\/v2\/media\/23235"}],"wp:attachment":[{"href":"https:\/\/www.radiopresidenteibanez.cl\/web\/wp-json\/wp\/v2\/media?parent=23234"}],"wp:term":[{"taxonomy":"category","embeddable":true,"href":"https:\/\/www.radiopresidenteibanez.cl\/web\/wp-json\/wp\/v2\/categories?post=23234"},{"taxonomy":"post_tag","embeddable":true,"href":"https:\/\/www.radiopresidenteibanez.cl\/web\/wp-json\/wp\/v2\/tags?post=23234"}],"curies":[{"name":"wp","href":"https:\/\/api.w.org\/{rel}","templated":true}]}}