{"id":2319,"date":"2019-03-18T00:58:23","date_gmt":"2019-03-18T00:58:23","guid":{"rendered":"http:\/\/www.radiopresidenteibanez.cl\/web\/?p=2319"},"modified":"2019-03-18T00:58:32","modified_gmt":"2019-03-18T00:58:32","slug":"guachupe-fenomeno-de-la-escena-musical-chilena-ofrecera-dos-conciertos-en-magallanes","status":"publish","type":"post","link":"https:\/\/www.radiopresidenteibanez.cl\/web\/guachupe-fenomeno-de-la-escena-musical-chilena-ofrecera-dos-conciertos-en-magallanes\/","title":{"rendered":"GUACHUP\u00c9, FEN\u00d3MENO DE LA ESCENA MUSICAL  CHILENA OFRECER\u00c1 DOS CONCIERTOS EN MAGALLANES"},"content":{"rendered":"\n<p>Guachup\u00e9, la banda sensaci\u00f3n de la escena musical\nchilena, llega por primera vez a la regi\u00f3n de Magallanes, para ofrecer su espect\u00e1culo\nte\u00f1ido de amarillo y negro, con banderas y lienzos.<\/p>\n\n\n\n<p>La\nagrupaci\u00f3n, cuya base musical mezcla ritmos como el ska, rock latino y la nueva\ncumbia, se presentar\u00e1 este viernes 22 de marzo, a las 20.00 horas en el\ngimnasio Jos\u00e9 Miguel Carrera de Puerto Natales y el s\u00e1bado 23, a las 19.30\nhoras, en dependencias del liceo Luis Alberto Barrera de Punta Arenas. Ambos\nconciertos, organizados por el Serem\u00eda de las Culturas, las Artes y el\nPatrimonio, son de acceso liberado. Para asistir a estos eventos no se requiere\nretiro previo de invitaciones.<\/p>\n\n\n\n<p>\u201cTraemos\nun notable espect\u00e1culo a cargo de una gran banda. Tal como nos ha solicitado\nnuestro Presidente, Sebasti\u00e1n Pi\u00f1era, estamos generando acceso para que la\nciudadan\u00eda pueda disfrutar de manifestaciones art\u00edsticas de primer nivel y en\nlos diferentes territorios. Esperamos que nos acompa\u00f1en en estos conciertos que\nson para toda la familia\u201d, precis\u00f3 la Seremi de las Culturas, Katherine\nIbacache.<\/p>\n\n\n\n<p>Guachup\u00e9,\ncon 20 a\u00f1os de trayectoria, cuenta con una\nfanaticada que los acompa\u00f1a a todos lados, vistiendo camisetas (aurinegras), al\nestilo de las barras del f\u00fatbol. Durante la \u00faltima edici\u00f3n del festival El\nHuaso del Olmu\u00e9, sus seguidores de Santiago viajaron en caravana de once buses\nal certamen de la regi\u00f3n de Valpara\u00edso. Los incondicionales de la agrupaci\u00f3n\ntambi\u00e9n llegar\u00e1n desde la capital a Magallanes, seg\u00fan anticip\u00f3 el Production Manager,\nCarlos Castro. \u201cSabemos que viajar\u00e1 gente de Santiago a los conciertos de Punta\nArenas y Natales. La banda tiene fieles seguidores que van a todos lados\u201d,\ncoment\u00f3.<\/p>\n\n\n\n<p>Cinco\ndiscos editados, giras por M\u00e9xico, Espa\u00f1a y Argentina, y exitosas\npresentaciones en diferentes escenarios del pa\u00eds, resumen la ascendente carrera\nde Tom\u00e1s Maldonado (vocalista), Robinson Acu\u00f1a (guitarras),\nRodrigo Alveal (bajos y coros) y Nelson Alveal (bater\u00eda, voces y coros). Estos\ndos \u00faltimos integrantes de la banda tienen v\u00ednculo con la regi\u00f3n. Rodrigo naci\u00f3\nen Natales y junto a Nelson vivieron una buena parte de su infancia en la\ncapital de la provincia de \u00daltima Esperanza.<\/p>\n\n\n\n<p>Entre\nlos temas que formar\u00e1n parte de su repertorio para las actuaciones en\nMagallanes figuran: \u00abTodo va lento\u00bb, \u00abEl Club del amigo\u00bb,\n\u00abCuando quieras\u00bb, \u201cJosefina\u201d y m\u00e1s.<\/p>\n\n\n\n<p>El\nconcierto de Puerto Natales cuenta con el apoyo de la Corporaci\u00f3n Municipal de\nCultura, Turismo y Patrimonio y el municipio local.<\/p>\n","protected":false},"excerpt":{"rendered":"<p>Guachup\u00e9, la banda sensaci\u00f3n de la escena musical chilena, llega por primera vez a la regi\u00f3n de Magallanes, para ofrecer su espect\u00e1culo te\u00f1ido de amarillo y negro, con banderas y&#8230; <a class=\"read-more\" href=\"https:\/\/www.radiopresidenteibanez.cl\/web\/guachupe-fenomeno-de-la-escena-musical-chilena-ofrecera-dos-conciertos-en-magallanes\/\">Leer m\u00e1s<\/a><\/p>\n","protected":false},"author":2,"featured_media":2320,"comment_status":"closed","ping_status":"closed","sticky":false,"template":"","format":"standard","meta":{"footnotes":""},"categories":[1,4],"tags":[],"class_list":["post-2319","post","type-post","status-publish","format-standard","has-post-thumbnail","hentry","category-cronica","category-entretenimiento-y-cultura"],"_links":{"self":[{"href":"https:\/\/www.radiopresidenteibanez.cl\/web\/wp-json\/wp\/v2\/posts\/2319","targetHints":{"allow":["GET"]}}],"collection":[{"href":"https:\/\/www.radiopresidenteibanez.cl\/web\/wp-json\/wp\/v2\/posts"}],"about":[{"href":"https:\/\/www.radiopresidenteibanez.cl\/web\/wp-json\/wp\/v2\/types\/post"}],"author":[{"embeddable":true,"href":"https:\/\/www.radiopresidenteibanez.cl\/web\/wp-json\/wp\/v2\/users\/2"}],"replies":[{"embeddable":true,"href":"https:\/\/www.radiopresidenteibanez.cl\/web\/wp-json\/wp\/v2\/comments?post=2319"}],"version-history":[{"count":0,"href":"https:\/\/www.radiopresidenteibanez.cl\/web\/wp-json\/wp\/v2\/posts\/2319\/revisions"}],"wp:featuredmedia":[{"embeddable":true,"href":"https:\/\/www.radiopresidenteibanez.cl\/web\/wp-json\/wp\/v2\/media\/2320"}],"wp:attachment":[{"href":"https:\/\/www.radiopresidenteibanez.cl\/web\/wp-json\/wp\/v2\/media?parent=2319"}],"wp:term":[{"taxonomy":"category","embeddable":true,"href":"https:\/\/www.radiopresidenteibanez.cl\/web\/wp-json\/wp\/v2\/categories?post=2319"},{"taxonomy":"post_tag","embeddable":true,"href":"https:\/\/www.radiopresidenteibanez.cl\/web\/wp-json\/wp\/v2\/tags?post=2319"}],"curies":[{"name":"wp","href":"https:\/\/api.w.org\/{rel}","templated":true}]}}