{"id":23183,"date":"2021-08-18T08:13:05","date_gmt":"2021-08-18T11:13:05","guid":{"rendered":"https:\/\/www.radiopresidenteibanez.cl\/web\/?p=23183"},"modified":"2021-08-18T08:13:10","modified_gmt":"2021-08-18T11:13:10","slug":"120-familias-ya-cuentan-con-las-llaves-de-sus-departamentos-en-edificios-prat-1","status":"publish","type":"post","link":"https:\/\/www.radiopresidenteibanez.cl\/web\/120-familias-ya-cuentan-con-las-llaves-de-sus-departamentos-en-edificios-prat-1\/","title":{"rendered":"120 FAMILIAS YA CUENTAN CON LAS LLAVES DE SUS DEPARTAMENTOS EN EDIFICIOS PRAT 1"},"content":{"rendered":"\n<p>120 familias de Punta Arenas recibieron sus departamentos sin deuda, con subsidio DS49 del Ministerio de Vivienda y Urbanismo, en el condominio Prat 1. Los beneficiarios que llegaron por turno a recibir sus llaves, para comenzar a habitar sus nuevos hogares, fueron recibidos por la delegada presidencial Jenniffer Rojas y el seremi (s) de Vivienda y Urbanismo Rafael Vidal y el director regional de Serviu Dubalio P\u00e9rez.<\/p>\n\n\n\n<p>Los nuevos departamentos ubicados en calle Francisco Roux, en el sector sur de Punta Arenas, cercanos a comercio, infraestructura deportiva, establecimientos educacionales, de salud y locomoci\u00f3n colectiva que permite el f\u00e1cil acceso al centro de la ciudad.<\/p>\n\n\n\n<p>Cuentan con 61 m2 y son entregados en obra gruesa de piso y paredes en estar comedor y tres dormitorios. Cuentan con ba\u00f1o y cocina terminados, adem\u00e1s de calefacci\u00f3n central y ventanas termopanel. Los edificios est\u00e1n construidos con sistema de aislaci\u00f3n EIFS exterior y \u00e1reas comunes cerradas y cubierta de membrana asf\u00e1ltica.<\/p>\n\n\n\n<p>La delegada presidencial destac\u00f3 que \u201cestas agrupaciones comenzaron en 2019 y hoy en 2021 est\u00e1n recibiendo sus departamentos, lo que tambi\u00e9n habla de la rapidez en el proceso\u201d.<\/p>\n\n\n\n<p>El director de Serviu explic\u00f3 que \u201cquiero destacar el aporte de los beneficiarios, en el sentido de que este proyecto no lleva aporte de cofinanciamiento del Gobierno Regional, por lo que las familias tienen que hacer un esfuerzo mayor, aportando entre 4 y 5 millones para poder contar con su soluci\u00f3n habitacional, relativamente m\u00e1s r\u00e1pida\u201d.<\/p>\n\n\n\n<p>Explic\u00f3 adem\u00e1s, que \u201cestos edificios cuentan con un sistema constructivo con plan de terciado marino que da la rigidez y la estructuraci\u00f3n de la techumbre para que despu\u00e9s se instale la membrana asf\u00e1ltica\u201d.<\/p>\n","protected":false},"excerpt":{"rendered":"<p>120 familias de Punta Arenas recibieron sus departamentos sin deuda, con subsidio DS49 del Ministerio de Vivienda y Urbanismo, en el condominio Prat 1. Los beneficiarios que llegaron por turno&#8230; <a class=\"read-more\" href=\"https:\/\/www.radiopresidenteibanez.cl\/web\/120-familias-ya-cuentan-con-las-llaves-de-sus-departamentos-en-edificios-prat-1\/\">Leer m\u00e1s<\/a><\/p>\n","protected":false},"author":2,"featured_media":23184,"comment_status":"closed","ping_status":"closed","sticky":false,"template":"","format":"standard","meta":{"footnotes":""},"categories":[1],"tags":[],"class_list":["post-23183","post","type-post","status-publish","format-standard","has-post-thumbnail","hentry","category-cronica"],"_links":{"self":[{"href":"https:\/\/www.radiopresidenteibanez.cl\/web\/wp-json\/wp\/v2\/posts\/23183","targetHints":{"allow":["GET"]}}],"collection":[{"href":"https:\/\/www.radiopresidenteibanez.cl\/web\/wp-json\/wp\/v2\/posts"}],"about":[{"href":"https:\/\/www.radiopresidenteibanez.cl\/web\/wp-json\/wp\/v2\/types\/post"}],"author":[{"embeddable":true,"href":"https:\/\/www.radiopresidenteibanez.cl\/web\/wp-json\/wp\/v2\/users\/2"}],"replies":[{"embeddable":true,"href":"https:\/\/www.radiopresidenteibanez.cl\/web\/wp-json\/wp\/v2\/comments?post=23183"}],"version-history":[{"count":0,"href":"https:\/\/www.radiopresidenteibanez.cl\/web\/wp-json\/wp\/v2\/posts\/23183\/revisions"}],"wp:featuredmedia":[{"embeddable":true,"href":"https:\/\/www.radiopresidenteibanez.cl\/web\/wp-json\/wp\/v2\/media\/23184"}],"wp:attachment":[{"href":"https:\/\/www.radiopresidenteibanez.cl\/web\/wp-json\/wp\/v2\/media?parent=23183"}],"wp:term":[{"taxonomy":"category","embeddable":true,"href":"https:\/\/www.radiopresidenteibanez.cl\/web\/wp-json\/wp\/v2\/categories?post=23183"},{"taxonomy":"post_tag","embeddable":true,"href":"https:\/\/www.radiopresidenteibanez.cl\/web\/wp-json\/wp\/v2\/tags?post=23183"}],"curies":[{"name":"wp","href":"https:\/\/api.w.org\/{rel}","templated":true}]}}