{"id":23115,"date":"2021-08-15T18:23:00","date_gmt":"2021-08-15T21:23:00","guid":{"rendered":"https:\/\/www.radiopresidenteibanez.cl\/web\/?p=23115"},"modified":"2021-08-15T13:25:36","modified_gmt":"2021-08-15T16:25:36","slug":"umag-y-hif-realizaran-seminario-sobre-ecombustibles-en-base-a-hidrogeno-verde","status":"publish","type":"post","link":"https:\/\/www.radiopresidenteibanez.cl\/web\/umag-y-hif-realizaran-seminario-sobre-ecombustibles-en-base-a-hidrogeno-verde\/","title":{"rendered":"UMAG y HIF REALIZARAN SEMINARIO SOBRE eCOMBUSTIBLES EN BASE A HIDR\u00d3GENO VERDE"},"content":{"rendered":"\n<p>La Universidad\nde Magallanes (UMAG) y Highly Innovative Fuels (HIF) realizar\u00e1n su primera\nactividad conjunta en el marco del convenio de colaboraci\u00f3n suscrito en julio\npasado. El martes 17 y mi\u00e9rcoles 18 de agosto se llevar\u00e1 a cabo el encuentro \u201c<em>De\nMagallanes al mundo: eCombustibles en base a hidr\u00f3geno y revoluci\u00f3n en el\ntransporte<\/em>\u201d, que tendr\u00e1 como panelistas a expertos de UMAG, HIF y Enel\nGreen Power.<\/p>\n\n\n\n<p>Juan Jos\u00e9\nGana, vicepresidente de Desarrollo Estrat\u00e9gico de HIF, destac\u00f3 que \u201cla\ninstancia ser\u00e1 una oportunidad para compartir con los estudiantes de ingenier\u00eda\ny la comunidad de Magallanes. Podremos revisar detalles del proyecto Haru Oni,\nresolver dudas y comenzar a sentar las bases para sumar conocimiento y\nproyectar los eCombustibles de Chile al mundo\u201d.<\/p>\n\n\n\n<p>Por su parte, el\ndoctor Humberto Vidal, acad\u00e9mico de la Facultad de Ingenier\u00eda y director del\nCentro de Estudios de los Recursos Energ\u00e9ticos (CERE UMAG), explic\u00f3 que en las\nsesiones \u201ctendremos la oportunidad de ver c\u00f3mo los combustibles sint\u00e9ticos renovables\nderivados del hidr\u00f3geno verde podr\u00edan constituirse como una alternativa energ\u00e9tica\npara contribuir a la reducci\u00f3n de emisiones a nuestro ambiente\u201d.<\/p>\n\n\n\n<p>En tanto, el decano\nde Ingenier\u00eda, Claudio G\u00f3mez, detall\u00f3 que \u201cser\u00e1n dos sesiones, la primera, de\ncar\u00e1cter general y explicativo -abierta a todo p\u00fablico- y la segunda, m\u00e1s\nespec\u00edfica centrada en la innovaci\u00f3n tecnol\u00f3gica y detalles de ingenier\u00eda\u201d. <\/p>\n\n\n\n<p>Los seminarios\ntienen por objetivo destacar el potencial productivo y econ\u00f3mico del hidr\u00f3geno\nverde y sus derivados, adem\u00e1s del valor que representa para la zona su posici\u00f3n\nprivilegiada como punto de partida para el desarrollo de los combustibles del\nfuturo.<\/p>\n\n\n\n<p>Este seminario\nser\u00e1 transmitido los d\u00edas martes 17 y mi\u00e9rcoles 18 a partir de las 09:00 horas,\na trav\u00e9s de YouTube por el canal radiotvumag y por Facebook en la cuenta\nudemagallanes. <\/p>\n","protected":false},"excerpt":{"rendered":"<p>La Universidad de Magallanes (UMAG) y Highly Innovative Fuels (HIF) realizar\u00e1n su primera actividad conjunta en el marco del convenio de colaboraci\u00f3n suscrito en julio pasado. El martes 17 y&#8230; <a class=\"read-more\" href=\"https:\/\/www.radiopresidenteibanez.cl\/web\/umag-y-hif-realizaran-seminario-sobre-ecombustibles-en-base-a-hidrogeno-verde\/\">Leer m\u00e1s<\/a><\/p>\n","protected":false},"author":2,"featured_media":23116,"comment_status":"closed","ping_status":"closed","sticky":false,"template":"","format":"standard","meta":{"footnotes":""},"categories":[1],"tags":[],"class_list":["post-23115","post","type-post","status-publish","format-standard","has-post-thumbnail","hentry","category-cronica"],"_links":{"self":[{"href":"https:\/\/www.radiopresidenteibanez.cl\/web\/wp-json\/wp\/v2\/posts\/23115","targetHints":{"allow":["GET"]}}],"collection":[{"href":"https:\/\/www.radiopresidenteibanez.cl\/web\/wp-json\/wp\/v2\/posts"}],"about":[{"href":"https:\/\/www.radiopresidenteibanez.cl\/web\/wp-json\/wp\/v2\/types\/post"}],"author":[{"embeddable":true,"href":"https:\/\/www.radiopresidenteibanez.cl\/web\/wp-json\/wp\/v2\/users\/2"}],"replies":[{"embeddable":true,"href":"https:\/\/www.radiopresidenteibanez.cl\/web\/wp-json\/wp\/v2\/comments?post=23115"}],"version-history":[{"count":0,"href":"https:\/\/www.radiopresidenteibanez.cl\/web\/wp-json\/wp\/v2\/posts\/23115\/revisions"}],"wp:featuredmedia":[{"embeddable":true,"href":"https:\/\/www.radiopresidenteibanez.cl\/web\/wp-json\/wp\/v2\/media\/23116"}],"wp:attachment":[{"href":"https:\/\/www.radiopresidenteibanez.cl\/web\/wp-json\/wp\/v2\/media?parent=23115"}],"wp:term":[{"taxonomy":"category","embeddable":true,"href":"https:\/\/www.radiopresidenteibanez.cl\/web\/wp-json\/wp\/v2\/categories?post=23115"},{"taxonomy":"post_tag","embeddable":true,"href":"https:\/\/www.radiopresidenteibanez.cl\/web\/wp-json\/wp\/v2\/tags?post=23115"}],"curies":[{"name":"wp","href":"https:\/\/api.w.org\/{rel}","templated":true}]}}