{"id":23112,"date":"2021-08-15T17:13:00","date_gmt":"2021-08-15T20:13:00","guid":{"rendered":"https:\/\/www.radiopresidenteibanez.cl\/web\/?p=23112"},"modified":"2021-08-15T13:20:54","modified_gmt":"2021-08-15T16:20:54","slug":"corfo-apuesta-por-aumentar-la-produccion-de-carne-ovina-exportable-de-magallanes","status":"publish","type":"post","link":"https:\/\/www.radiopresidenteibanez.cl\/web\/corfo-apuesta-por-aumentar-la-produccion-de-carne-ovina-exportable-de-magallanes\/","title":{"rendered":"CORFO APUESTA POR AUMENTAR LA PRODUCCI\u00d3N DE CARNE OVINA EXPORTABLE DE MAGALLANES"},"content":{"rendered":"\n<p>Hasta la estancia Luz Aurora, ubicada en la comuna de San Gregorio a 130 Kil\u00f3metros de Punta Arenas, del productor ovino, Jorge Ca\u00f1\u00f3n, beneficiario\ndel proyecto Innova Corfo, donde INIA Kampenaike, participa como ente t\u00e9cnico\ncolaborador, llegaron el seremi de Agricultura, Alfonso Roux, el director\nregional de Corfo, Marcelo Canobra, los profesionales de INIA a\ncargo del desarrollo t\u00e9cnico del proyecto, Ra\u00fal Lira, Camila Sandoval y el\npropio director regional de la instituci\u00f3n, Francisco Sales; con el prop\u00f3sito\nde constatar en terreno el inicio de un ambicioso proyecto que busca aumentar\nla producci\u00f3n ovina de Magallanes, a trav\u00e9s de incrementar la sobrevida de\ncorderos de gestaciones melliceras en un 170%.<\/p>\n\n\n\n<p>Para el director regional de Corfo, Marcelo\nCanobra, este es un proyecto que tiene componentes muy interesantes y un\nimpacto productivo para el sector ovino de la Regi\u00f3n. \u201cEn general las mayores\nmortalidades de ovejas se producen despu\u00e9s de la parici\u00f3n, por lo que tenemos\nclaro que es en este per\u00edodo que hay que cuidarlas de manera m\u00e1s intensiva y es\na trav\u00e9s de este proyecto, que esperamos que las tasas de parici\u00f3n aumenten de\nmanera significativa\u201d. <\/p>\n\n\n\n<p>El director, agreg\u00f3 que es un proyecto apoyado\na trav\u00e9s de la l\u00ednea de innova regi\u00f3n de Corfo y que permite la adquisici\u00f3n de\nbienes de capital, financiar costos de operaci\u00f3n y contrataci\u00f3n de\nprofesionales.&nbsp; \u201cEs un instrumento que\ncumple con la tarea de facilitar la incorporaci\u00f3n de nuevas tecnolog\u00edas a un\nsector, que, si bien es tradicional, en los \u00faltimos a\u00f1os est\u00e1 incorporando\nprocesos y nuevas formas de trabajar para aumentar la productividad en\nconcordancia con las l\u00edneas del Ministerio de Agricultura\u201d. <\/p>\n\n\n\n<p>Un estudio\nrealizado por la Seremi de Agricultura e INIA Kampenaike sobre \u201cTransferencia\nt\u00e9cnica para mejorar la productividad ovina en Magallanes\u201d, indica que para\nMagallanes, se estima una mortalidad postnatal\nde un 20% para corderos de parto simple y hasta 50% de partos m\u00faltiples. Es\ndecir, cada a\u00f1o mueren entre 300.000 y 500.000 corderos, lo cual se traduce en\nun bajo porcentaje de destete (76% de promedio regional) y una baja tasa de\nextracci\u00f3n, manifest\u00f3 el Seremi de Agricultura, Alfonso Roux.<\/p>\n\n\n\n<p>\u201cDe ah\u00ed la\npertinencia de esta iniciativa. De esta forma se evaluar\u00e1 si bajo techo se\nmejoran los \u00edndices de sobrevivencia lo que permitir\u00e1 mostrar c\u00f3mo abordar y\ncon qu\u00e9 inversi\u00f3n es posible dar soluci\u00f3n al problema para aumentar la\nproductividad y competitividad del sector\u201d, dijo la autoridad.<\/p>\n\n\n\n<p>La producci\u00f3n ovina de Magallanes est\u00e1 en\nniveles productivos muy por debajo de su potencial. De hecho, en la estancia\nLuz Aurora se ha logrado destetar en manejo a campo extensivo valores de entre\n92 y 145% de corderos de ovejas diagnosticadas de pre\u00f1ez doble, lo que es muy err\u00e1tico\nen el tiempo, por lo que, con el manejo propuesto por INIA, se proyecta obtener\nvalores de 170 &#8211; 175%, con mayor estabilidad productiva, de corderos al destete.<\/p>\n\n\n\n<p>En t\u00e9rminos m\u00e1s simples explic\u00f3 Ra\u00fal Lira, lo\nque queremos lograr con este proyecto es que \u201cpor cada 100 ovejas melliceras,\nel potencial de parici\u00f3n es de 200 corderos y de \u00e9stos, con la intervenci\u00f3n y\nel manejo intensivo, se espera llegar a la etapa del destete con, 170\ncorderos\u201d, especific\u00f3 el investigador de INIA Kampenaike a cargo del proyecto.<\/p>\n","protected":false},"excerpt":{"rendered":"<p>Hasta la estancia Luz Aurora, ubicada en la comuna de San Gregorio a 130 Kil\u00f3metros de Punta Arenas, del productor ovino, Jorge Ca\u00f1\u00f3n, beneficiario del proyecto Innova Corfo, donde INIA&#8230; <a class=\"read-more\" href=\"https:\/\/www.radiopresidenteibanez.cl\/web\/corfo-apuesta-por-aumentar-la-produccion-de-carne-ovina-exportable-de-magallanes\/\">Leer m\u00e1s<\/a><\/p>\n","protected":false},"author":2,"featured_media":23113,"comment_status":"closed","ping_status":"closed","sticky":false,"template":"","format":"standard","meta":{"footnotes":""},"categories":[1],"tags":[],"class_list":["post-23112","post","type-post","status-publish","format-standard","has-post-thumbnail","hentry","category-cronica"],"_links":{"self":[{"href":"https:\/\/www.radiopresidenteibanez.cl\/web\/wp-json\/wp\/v2\/posts\/23112","targetHints":{"allow":["GET"]}}],"collection":[{"href":"https:\/\/www.radiopresidenteibanez.cl\/web\/wp-json\/wp\/v2\/posts"}],"about":[{"href":"https:\/\/www.radiopresidenteibanez.cl\/web\/wp-json\/wp\/v2\/types\/post"}],"author":[{"embeddable":true,"href":"https:\/\/www.radiopresidenteibanez.cl\/web\/wp-json\/wp\/v2\/users\/2"}],"replies":[{"embeddable":true,"href":"https:\/\/www.radiopresidenteibanez.cl\/web\/wp-json\/wp\/v2\/comments?post=23112"}],"version-history":[{"count":0,"href":"https:\/\/www.radiopresidenteibanez.cl\/web\/wp-json\/wp\/v2\/posts\/23112\/revisions"}],"wp:featuredmedia":[{"embeddable":true,"href":"https:\/\/www.radiopresidenteibanez.cl\/web\/wp-json\/wp\/v2\/media\/23113"}],"wp:attachment":[{"href":"https:\/\/www.radiopresidenteibanez.cl\/web\/wp-json\/wp\/v2\/media?parent=23112"}],"wp:term":[{"taxonomy":"category","embeddable":true,"href":"https:\/\/www.radiopresidenteibanez.cl\/web\/wp-json\/wp\/v2\/categories?post=23112"},{"taxonomy":"post_tag","embeddable":true,"href":"https:\/\/www.radiopresidenteibanez.cl\/web\/wp-json\/wp\/v2\/tags?post=23112"}],"curies":[{"name":"wp","href":"https:\/\/api.w.org\/{rel}","templated":true}]}}