{"id":23099,"date":"2021-08-15T10:18:00","date_gmt":"2021-08-15T13:18:00","guid":{"rendered":"https:\/\/www.radiopresidenteibanez.cl\/web\/?p=23099"},"modified":"2021-08-15T00:56:53","modified_gmt":"2021-08-15T03:56:53","slug":"fiscalia-capacito-a-usuarios-de-organismo-colaborador-de-sename-en-ley-de-maltrato-hacia-ninos-discapacitados-y-adultos-mayores","status":"publish","type":"post","link":"https:\/\/www.radiopresidenteibanez.cl\/web\/fiscalia-capacito-a-usuarios-de-organismo-colaborador-de-sename-en-ley-de-maltrato-hacia-ninos-discapacitados-y-adultos-mayores\/","title":{"rendered":"FISCAL\u00cdA CAPACIT\u00d3 A USUARIOS DE ORGANISMO COLABORADOR DE SENAME EN LEY DE MALTRATO HACIA NI\u00d1OS, DISCAPACITADOS Y ADULTOS MAYORES"},"content":{"rendered":"\n<p>Usuarios y <em>adultos responsables del cuidado de los ni\u00f1os, ni\u00f1as y\nadolescentes&nbsp; del Programa PPF \u201cJOSAFAT\u201d,\nOrganismo colaborador de SENAME, &nbsp;<\/em> participaron,\nde una charla realizada por la representante de la&nbsp; Unidad de Atenci\u00f3n a V\u00edctimas de la Fiscal\u00eda,\nPsic\u00f3loga Karin Millac\u00e1n en la cual se abord\u00f3, did\u00e1cticamente, la Ley de\nMaltrato a personas vulnerables.<\/p>\n\n\n\n<p>En la\noportunidad, los asistentes disiparon dudas respecto de esta nueva Ley,\nsum\u00e1ndose esta actividad a diversas las charlas efectuadas, durante el a\u00f1o a organismos\np\u00fablicos y privados,&nbsp; instando as\u00ed&nbsp; a que la comunidad conozca la labor de la\nFiscal\u00eda y disipe dudas respecto al sistema procesal penal y a algunos tipos de\ndelitos<\/p>\n","protected":false},"excerpt":{"rendered":"<p>Usuarios y adultos responsables del cuidado de los ni\u00f1os, ni\u00f1as y adolescentes&nbsp; del Programa PPF \u201cJOSAFAT\u201d, Organismo colaborador de SENAME, &nbsp; participaron, de una charla realizada por la representante de&#8230; <a class=\"read-more\" href=\"https:\/\/www.radiopresidenteibanez.cl\/web\/fiscalia-capacito-a-usuarios-de-organismo-colaborador-de-sename-en-ley-de-maltrato-hacia-ninos-discapacitados-y-adultos-mayores\/\">Leer m\u00e1s<\/a><\/p>\n","protected":false},"author":2,"featured_media":23100,"comment_status":"closed","ping_status":"closed","sticky":false,"template":"","format":"standard","meta":{"footnotes":""},"categories":[1],"tags":[],"class_list":["post-23099","post","type-post","status-publish","format-standard","has-post-thumbnail","hentry","category-cronica"],"_links":{"self":[{"href":"https:\/\/www.radiopresidenteibanez.cl\/web\/wp-json\/wp\/v2\/posts\/23099","targetHints":{"allow":["GET"]}}],"collection":[{"href":"https:\/\/www.radiopresidenteibanez.cl\/web\/wp-json\/wp\/v2\/posts"}],"about":[{"href":"https:\/\/www.radiopresidenteibanez.cl\/web\/wp-json\/wp\/v2\/types\/post"}],"author":[{"embeddable":true,"href":"https:\/\/www.radiopresidenteibanez.cl\/web\/wp-json\/wp\/v2\/users\/2"}],"replies":[{"embeddable":true,"href":"https:\/\/www.radiopresidenteibanez.cl\/web\/wp-json\/wp\/v2\/comments?post=23099"}],"version-history":[{"count":0,"href":"https:\/\/www.radiopresidenteibanez.cl\/web\/wp-json\/wp\/v2\/posts\/23099\/revisions"}],"wp:featuredmedia":[{"embeddable":true,"href":"https:\/\/www.radiopresidenteibanez.cl\/web\/wp-json\/wp\/v2\/media\/23100"}],"wp:attachment":[{"href":"https:\/\/www.radiopresidenteibanez.cl\/web\/wp-json\/wp\/v2\/media?parent=23099"}],"wp:term":[{"taxonomy":"category","embeddable":true,"href":"https:\/\/www.radiopresidenteibanez.cl\/web\/wp-json\/wp\/v2\/categories?post=23099"},{"taxonomy":"post_tag","embeddable":true,"href":"https:\/\/www.radiopresidenteibanez.cl\/web\/wp-json\/wp\/v2\/tags?post=23099"}],"curies":[{"name":"wp","href":"https:\/\/api.w.org\/{rel}","templated":true}]}}